{"id":4674,"date":"2024-01-26T08:01:00","date_gmt":"2024-01-26T12:01:00","guid":{"rendered":"https:\/\/jornaloalvorada.com.br\/site\/?p=4674"},"modified":"2024-01-26T08:35:32","modified_gmt":"2024-01-26T12:35:32","slug":"riedel-da-continuidade-as-mudancas-e-substituira-secretarios-de-governo-e-administracao","status":"publish","type":"post","link":"https:\/\/jornaloalvorada.com.br\/site\/2024\/01\/26\/riedel-da-continuidade-as-mudancas-e-substituira-secretarios-de-governo-e-administracao\/","title":{"rendered":"Riedel d\u00e1 continuidade \u00e0s mudan\u00e7as e substituir\u00e1 secret\u00e1rios de Governo e Administra\u00e7\u00e3o"},"content":{"rendered":"\n<p><div class=\"main-wrap\"><div class=\"main ts-contain cf right-sidebar\"><div class=\"ts-row has-s-large-bot\"><div class=\"col-8 main-content\"><div class=\"the-post s-post-large\"><article id=\"post-68850\" class=\"post-68850 post type-post status-publish format-standard has-post-thumbnail category-ms tag-destaque tag-eduardo-riedel tag-secretaria-estadual-de-administracao-e-desburocratizacao tag-segov\"><div class=\"post-content-wrap has-share-float has-share-float-in\"><div class=\"post-content cf entry-content content-spacious\"><p>O governador Eduardo Riedel (PSDB) vai dar continuidade \u00e0s mudan\u00e7as  no primeiro escal\u00e3o, com a substitui\u00e7\u00e3o dos secret\u00e1rios estaduais de  Governo e de Administra\u00e7\u00e3o. Os substitutos de Pedro Caravina e de Ana  Carolina Ara\u00fajo Nardes, respectivamente, ser\u00e3o anunciados nesta  sexta-feira (26), em coletiva prevista para as 9h30.A reestrutura\u00e7\u00e3o administrativa come\u00e7ou com a divis\u00e3o da  supersecretaria comandada por Marcelo Miranda, que foi dividida em duas  pastas. Mais enxuta, apenas com as funda\u00e7\u00f5es de Cultura, Turismo e  Esportes, a Secretaria Estadual de Turismo, Esporte e Cultura permaneceu  sob o comando de Miranda.<\/p><\/div><\/div><\/article><\/div><\/div><\/div><\/div><\/div> As oito subsecretarias foram incorporadas pela nova pasta, Secretaria Estadual da Cidadania, que ficou sob o comanda da ent\u00e3o adjunta, Viviane Luiza da Silva.<\/p>\n\n\n\n<p>Dando continuidade \u00e0s mudan\u00e7as, Caravina deixa a Segov e assume o mandato de deputado estadual na Assembleia Legislativa. Ele toma a vaga de Jo\u00e3o C\u00e9sar Matogrosso (PSDB), que renunciou ao mandato de vereador para assumir o cargo de deputado estadual e dever\u00e1 ser nomeado em algum cargo na administra\u00e7\u00e3o de Riedel.<\/p>\n\n\n\n<p>Ana Carolina pediu para deixar o comando da Secretaria de Administra\u00e7\u00e3o. Uma das especula\u00e7\u00f5es \u00e9 de que Frederico Felini deixe o cargo de adjunto na Segov para assumir a pasta de Administra\u00e7\u00e3o. Matogrosso e um dos coordenadores da campanha de Riedel, Rodrigo Peres, s\u00e3o cotados para assumir a articula\u00e7\u00e3o pol\u00edtica.<\/p>\n\n\n\n<p>O governador tamb\u00e9m dever\u00e1 anunciar os novos adjuntos da Educa\u00e7\u00e3o e da Casa Civil. \u00c9dio Ant\u00f4nio de Castro Resende Broch, da Educa\u00e7\u00e3o, e Fl\u00e1vio Britto, da Casa Civil, foram exonerados ap\u00f3s serem alvos de mandados de busca e apreens\u00e3o na Opera\u00e7\u00e3o Turn Off, deflagrada pelo GECOC (Grupo Especial de Combate \u00e0 Corrup\u00e7\u00e3o) para apurar desvios na sa\u00fade e na educa\u00e7\u00e3o.<\/p>\n\n\n\n<p><strong><em>Fonte: O Jacar\u00e9<\/em><\/strong><\/p>\n","protected":false},"excerpt":{"rendered":"<p>O governador Eduardo Riedel (PSDB) vai dar continuidade \u00e0s mudan\u00e7as no primeiro escal\u00e3o, com a substitui\u00e7\u00e3o dos secret\u00e1rios estaduais de<\/p>\n","protected":false},"author":1,"featured_media":4675,"comment_status":"open","ping_status":"open","sticky":false,"template":"","format":"standard","meta":{"footnotes":""},"categories":[2],"tags":[],"class_list":["post-4674","post","type-post","status-publish","format-standard","has-post-thumbnail","hentry","category-noticias"],"_links":{"self":[{"href":"https:\/\/jornaloalvorada.com.br\/site\/wp-json\/wp\/v2\/posts\/4674","targetHints":{"allow":["GET"]}}],"collection":[{"href":"https:\/\/jornaloalvorada.com.br\/site\/wp-json\/wp\/v2\/posts"}],"about":[{"href":"https:\/\/jornaloalvorada.com.br\/site\/wp-json\/wp\/v2\/types\/post"}],"author":[{"embeddable":true,"href":"https:\/\/jornaloalvorada.com.br\/site\/wp-json\/wp\/v2\/users\/1"}],"replies":[{"embeddable":true,"href":"https:\/\/jornaloalvorada.com.br\/site\/wp-json\/wp\/v2\/comments?post=4674"}],"version-history":[{"count":1,"href":"https:\/\/jornaloalvorada.com.br\/site\/wp-json\/wp\/v2\/posts\/4674\/revisions"}],"predecessor-version":[{"id":4676,"href":"https:\/\/jornaloalvorada.com.br\/site\/wp-json\/wp\/v2\/posts\/4674\/revisions\/4676"}],"wp:featuredmedia":[{"embeddable":true,"href":"https:\/\/jornaloalvorada.com.br\/site\/wp-json\/wp\/v2\/media\/4675"}],"wp:attachment":[{"href":"https:\/\/jornaloalvorada.com.br\/site\/wp-json\/wp\/v2\/media?parent=4674"}],"wp:term":[{"taxonomy":"category","embeddable":true,"href":"https:\/\/jornaloalvorada.com.br\/site\/wp-json\/wp\/v2\/categories?post=4674"},{"taxonomy":"post_tag","embeddable":true,"href":"https:\/\/jornaloalvorada.com.br\/site\/wp-json\/wp\/v2\/tags?post=4674"}],"curies":[{"name":"wp","href":"https:\/\/api.w.org\/{rel}","templated":true}]}}