{"id":4665,"date":"2024-01-26T08:29:06","date_gmt":"2024-01-26T12:29:06","guid":{"rendered":"https:\/\/jornaloalvorada.com.br\/site\/?p=4665"},"modified":"2024-01-26T08:31:07","modified_gmt":"2024-01-26T12:31:07","slug":"veja-como-foi-o-retorno-do-projeto-conviver-dos-idosos-em-2024","status":"publish","type":"post","link":"https:\/\/jornaloalvorada.com.br\/site\/2024\/01\/26\/veja-como-foi-o-retorno-do-projeto-conviver-dos-idosos-em-2024\/","title":{"rendered":"Veja como foi o retorno do Projeto Conviver dos Idosos em 2024"},"content":{"rendered":"\n<p>Prefeito de Nova Alvorada do Sul, Jos\u00e9 Paulo paleari participa do retorno do Projeto Conviver dos Idosos em 2024, e entrega  uniforme completo, para os  jovens da Melhor Idade.<\/p>\n\n\n\n<p>Atendendo uma emenda impositiva do l\u00edder na c\u00e2mara municipal, vereador Renilson C\u00e9sar.<\/p>\n\n\n\n<figure class=\"wp-block-image size-large\"><img loading=\"lazy\" decoding=\"async\" width=\"1024\" height=\"768\" src=\"https:\/\/jornaloalvorada.com.br\/site\/wp-content\/uploads\/2024\/01\/image-1-1024x768.png\" alt=\"\" class=\"wp-image-4669\" srcset=\"https:\/\/jornaloalvorada.com.br\/site\/wp-content\/uploads\/2024\/01\/image-1-1024x768.png 1024w, https:\/\/jornaloalvorada.com.br\/site\/wp-content\/uploads\/2024\/01\/image-1-300x225.png 300w, https:\/\/jornaloalvorada.com.br\/site\/wp-content\/uploads\/2024\/01\/image-1-768x576.png 768w, https:\/\/jornaloalvorada.com.br\/site\/wp-content\/uploads\/2024\/01\/image-1-1536x1152.png 1536w, https:\/\/jornaloalvorada.com.br\/site\/wp-content\/uploads\/2024\/01\/image-1.png 2048w\" sizes=\"auto, (max-width: 1024px) 100vw, 1024px\" \/><\/figure>\n\n\n\n<figure class=\"wp-block-image size-large\"><img loading=\"lazy\" decoding=\"async\" width=\"1024\" height=\"768\" src=\"https:\/\/jornaloalvorada.com.br\/site\/wp-content\/uploads\/2024\/01\/image-2-1024x768.png\" alt=\"\" class=\"wp-image-4670\" srcset=\"https:\/\/jornaloalvorada.com.br\/site\/wp-content\/uploads\/2024\/01\/image-2-1024x768.png 1024w, https:\/\/jornaloalvorada.com.br\/site\/wp-content\/uploads\/2024\/01\/image-2-300x225.png 300w, https:\/\/jornaloalvorada.com.br\/site\/wp-content\/uploads\/2024\/01\/image-2-768x576.png 768w, https:\/\/jornaloalvorada.com.br\/site\/wp-content\/uploads\/2024\/01\/image-2-1536x1152.png 1536w, https:\/\/jornaloalvorada.com.br\/site\/wp-content\/uploads\/2024\/01\/image-2.png 2048w\" sizes=\"auto, (max-width: 1024px) 100vw, 1024px\" \/><\/figure>\n\n\n\n<figure class=\"wp-block-image size-full\"><img loading=\"lazy\" decoding=\"async\" width=\"857\" height=\"643\" src=\"https:\/\/jornaloalvorada.com.br\/site\/wp-content\/uploads\/2024\/01\/image-3.png\" alt=\"\" class=\"wp-image-4672\" srcset=\"https:\/\/jornaloalvorada.com.br\/site\/wp-content\/uploads\/2024\/01\/image-3.png 857w, https:\/\/jornaloalvorada.com.br\/site\/wp-content\/uploads\/2024\/01\/image-3-300x225.png 300w, https:\/\/jornaloalvorada.com.br\/site\/wp-content\/uploads\/2024\/01\/image-3-768x576.png 768w\" sizes=\"auto, (max-width: 857px) 100vw, 857px\" \/><\/figure>\n","protected":false},"excerpt":{"rendered":"<p>Prefeito de Nova Alvorada do Sul, Jos\u00e9 Paulo paleari participa do retorno do Projeto Conviver dos Idosos em 2024, e<\/p>\n","protected":false},"author":1,"featured_media":4666,"comment_status":"open","ping_status":"open","sticky":false,"template":"","format":"standard","meta":{"footnotes":""},"categories":[2],"tags":[],"class_list":["post-4665","post","type-post","status-publish","format-standard","has-post-thumbnail","hentry","category-noticias"],"_links":{"self":[{"href":"https:\/\/jornaloalvorada.com.br\/site\/wp-json\/wp\/v2\/posts\/4665","targetHints":{"allow":["GET"]}}],"collection":[{"href":"https:\/\/jornaloalvorada.com.br\/site\/wp-json\/wp\/v2\/posts"}],"about":[{"href":"https:\/\/jornaloalvorada.com.br\/site\/wp-json\/wp\/v2\/types\/post"}],"author":[{"embeddable":true,"href":"https:\/\/jornaloalvorada.com.br\/site\/wp-json\/wp\/v2\/users\/1"}],"replies":[{"embeddable":true,"href":"https:\/\/jornaloalvorada.com.br\/site\/wp-json\/wp\/v2\/comments?post=4665"}],"version-history":[{"count":3,"href":"https:\/\/jornaloalvorada.com.br\/site\/wp-json\/wp\/v2\/posts\/4665\/revisions"}],"predecessor-version":[{"id":4673,"href":"https:\/\/jornaloalvorada.com.br\/site\/wp-json\/wp\/v2\/posts\/4665\/revisions\/4673"}],"wp:featuredmedia":[{"embeddable":true,"href":"https:\/\/jornaloalvorada.com.br\/site\/wp-json\/wp\/v2\/media\/4666"}],"wp:attachment":[{"href":"https:\/\/jornaloalvorada.com.br\/site\/wp-json\/wp\/v2\/media?parent=4665"}],"wp:term":[{"taxonomy":"category","embeddable":true,"href":"https:\/\/jornaloalvorada.com.br\/site\/wp-json\/wp\/v2\/categories?post=4665"},{"taxonomy":"post_tag","embeddable":true,"href":"https:\/\/jornaloalvorada.com.br\/site\/wp-json\/wp\/v2\/tags?post=4665"}],"curies":[{"name":"wp","href":"https:\/\/api.w.org\/{rel}","templated":true}]}}