{"id":4661,"date":"2024-01-26T08:23:25","date_gmt":"2024-01-26T12:23:25","guid":{"rendered":"https:\/\/jornaloalvorada.com.br\/site\/?p=4661"},"modified":"2024-01-26T08:24:15","modified_gmt":"2024-01-26T12:24:15","slug":"onda-de-frio-extremo-pode-chegar-no-brasil-em-2024-entenda-o-fenomeno","status":"publish","type":"post","link":"https:\/\/jornaloalvorada.com.br\/site\/2024\/01\/26\/onda-de-frio-extremo-pode-chegar-no-brasil-em-2024-entenda-o-fenomeno\/","title":{"rendered":"Onda de frio extremo pode chegar no Brasil em 2024? Entenda o fen\u00f4meno"},"content":{"rendered":"\n<p>O in\u00edcio de 2024 nos pa\u00edses do Hemisf\u00e9rio Norte est\u00e1 sendo marcado por uma onda de frio intensa, com nevascas e temperaturas que chegaram a \u221230\u00baC. O fen\u00f4meno preocupa especialistas e levanta uma d\u00favida: ser\u00e1 que o inverno brasileiro tamb\u00e9m ter\u00e1 extremos clim\u00e1ticos, assim como o ver\u00e3o?<\/p>\n\n\n\n<p>Segundo Vinicius Lucyrio, meteorologista da Climatempo, os brasileiros n\u00e3o precisam se preocupar. A onda de frio pode ocorrer, mas n\u00e3o de maneira t\u00e3o intensa como nos EUA. Isso porque, este fen\u00f4meno ocorre por influ\u00eancia do v\u00f3rtice polar, uma \u00e1rea de baixa press\u00e3o atmosf\u00e9rica repleta de ar gelado localizada no \u00c1rtico.<\/p>\n\n\n\n<p>A massa de ar se expande e impulsiona ventos frios para regi\u00f5es mais ao Sul da Am\u00e9rica do Norte, como os Estados Unidos. Conforme se aproxima da Am\u00e9rica do Sul, o ar frio \u00e9 aquecido pela temperatura dos oceanos e perde suas caracter\u00edsticas polares. Por isso, mesmo durante a esta\u00e7\u00e3o mais fria do ano, \u00e9 improv\u00e1vel que o Brasil enfrente um inverno t\u00e3o rigoroso.<\/p>\n\n\n\n<p>O fen\u00f4meno, respons\u00e1vel por causar quedas bruscas na temperatura, \u00e9 comum durante essa \u00e9poca do ano. No entanto, a expans\u00e3o do v\u00f3rtice polar est\u00e1 ocorrendo de forma mais acentuada no in\u00edcio de 2024, provocando ondas de frio intensas nos Estados Unidos, Canad\u00e1 e pa\u00edses europeus.<br>O que \u00e9 uma onda de frio?<\/p>\n\n\n\n<p>A onda de frio \u00e9 caracterizada por uma sequ\u00eancia de, no m\u00ednimo, cinco dias em que se observa queda expressiva de temperatura, em compara\u00e7\u00e3o com a m\u00e9dia para determinada \u00e9poca do ano, em uma \u00e1rea ampla. Ela pode ocasionar precipita\u00e7\u00e3o de neve e geada em algumas regi\u00f5es.<\/p>\n\n\n\n<p>Apesar de 2023 ter quebrado recordes hist\u00f3ricos de altas temperaturas em todo planeta e especialistas alertarem para um aquecimento ainda mais intensificado nos pr\u00f3ximos anos, extremos clim\u00e1ticos ainda podem provocar ondas de frio, como ocorre neste momento.<\/p>\n\n\n\n<p>Globo Rural<\/p>\n","protected":false},"excerpt":{"rendered":"<p>O in\u00edcio de 2024 nos pa\u00edses do Hemisf\u00e9rio Norte est\u00e1 sendo marcado por uma onda de frio intensa, com nevascas<\/p>\n","protected":false},"author":1,"featured_media":4662,"comment_status":"open","ping_status":"open","sticky":false,"template":"","format":"standard","meta":{"footnotes":""},"categories":[3],"tags":[],"class_list":["post-4661","post","type-post","status-publish","format-standard","has-post-thumbnail","hentry","category-social"],"_links":{"self":[{"href":"https:\/\/jornaloalvorada.com.br\/site\/wp-json\/wp\/v2\/posts\/4661","targetHints":{"allow":["GET"]}}],"collection":[{"href":"https:\/\/jornaloalvorada.com.br\/site\/wp-json\/wp\/v2\/posts"}],"about":[{"href":"https:\/\/jornaloalvorada.com.br\/site\/wp-json\/wp\/v2\/types\/post"}],"author":[{"embeddable":true,"href":"https:\/\/jornaloalvorada.com.br\/site\/wp-json\/wp\/v2\/users\/1"}],"replies":[{"embeddable":true,"href":"https:\/\/jornaloalvorada.com.br\/site\/wp-json\/wp\/v2\/comments?post=4661"}],"version-history":[{"count":2,"href":"https:\/\/jornaloalvorada.com.br\/site\/wp-json\/wp\/v2\/posts\/4661\/revisions"}],"predecessor-version":[{"id":4664,"href":"https:\/\/jornaloalvorada.com.br\/site\/wp-json\/wp\/v2\/posts\/4661\/revisions\/4664"}],"wp:featuredmedia":[{"embeddable":true,"href":"https:\/\/jornaloalvorada.com.br\/site\/wp-json\/wp\/v2\/media\/4662"}],"wp:attachment":[{"href":"https:\/\/jornaloalvorada.com.br\/site\/wp-json\/wp\/v2\/media?parent=4661"}],"wp:term":[{"taxonomy":"category","embeddable":true,"href":"https:\/\/jornaloalvorada.com.br\/site\/wp-json\/wp\/v2\/categories?post=4661"},{"taxonomy":"post_tag","embeddable":true,"href":"https:\/\/jornaloalvorada.com.br\/site\/wp-json\/wp\/v2\/tags?post=4661"}],"curies":[{"name":"wp","href":"https:\/\/api.w.org\/{rel}","templated":true}]}}