{"id":4657,"date":"2024-01-25T16:31:40","date_gmt":"2024-01-25T20:31:40","guid":{"rendered":"https:\/\/jornaloalvorada.com.br\/site\/?p=4657"},"modified":"2024-01-25T16:31:42","modified_gmt":"2024-01-25T20:31:42","slug":"governo-lula-e-pior-que-o-de-bolsonaro-para-40-dos-evangelicos-diz-pesquisa","status":"publish","type":"post","link":"https:\/\/jornaloalvorada.com.br\/site\/2024\/01\/25\/governo-lula-e-pior-que-o-de-bolsonaro-para-40-dos-evangelicos-diz-pesquisa\/","title":{"rendered":"Governo Lula \u00e9 pior que o de Bolsonaro para 40% dos evang\u00e9licos, diz pesquisa"},"content":{"rendered":"\n<p>O presidente&nbsp;Lula&nbsp;(PT) inicia o segundo ano de seu terceiro mandato ainda enfrentando uma resist\u00eancia expressiva dos&nbsp;evang\u00e9licos. Na avalia\u00e7\u00e3o de 40% deles, \u00e9 poss\u00edvel perceber pioras em rela\u00e7\u00e3o ao governo de&nbsp;Jair Bolsonaro&nbsp;(PL), revela a nova edi\u00e7\u00e3o da Pesquisa CNT de Opini\u00e3o feita pelo&nbsp;Instituto MDA Pesquisa.<\/p>\n\n\n\n<p>Outros 33% dos respondentes protestantes, por\u00e9m, dizem identificar melhorias na gest\u00e3o do petista, enquanto 24% afirmam ver um governo semelhante ao de seu antecessor.<\/p>\n\n\n\n<p>Os \u00edndices contrastam com as respostas dadas por praticantes da&nbsp;f\u00e9 cat\u00f3lica, entre os quais 54% dizem ver um governo melhor que o de Jair Bolsonaro, 25% identificam pioras e 20% apontam que as duas gest\u00f5es s\u00e3o semelhantes.<\/p>\n\n\n\n<p>Ao comparar os governos petista e bolsonarista, os evang\u00e9licos lideram como os mais desgostosos. Na sequ\u00eancia, os maiores percentuais de avalia\u00e7\u00e3o negativa aparecem entre aqueles que ganham mais de cinco sal\u00e1rios m\u00ednimos (38%) e t\u00eam ensino superior (36%).<\/p>\n\n\n\n<p>A pesquisa da&nbsp;CNT&nbsp;(Confedera\u00e7\u00e3o Nacional do Transporte) foi feita com base em 2.002 entrevistas presenciais realizadas entre quinta-feira (18) e domingo (21). A margem de erro \u00e9 de 2,2 pontos percentuais, e o n\u00edvel de confian\u00e7a, de 95%.<\/p>\n\n\n\n<p>Em outubro de 2023, quando a CNT divulgou seu levantamento mais recente, 42% dos evang\u00e9licos diziam que o&nbsp;governo Lula&nbsp;estava sendo pior que o anterior \u2014de l\u00e1 para c\u00e1, houve uma varia\u00e7\u00e3o de dois pontos percentuais para menos dentro da margem de erro. Na \u00e9poca, a percep\u00e7\u00e3o de melhora tamb\u00e9m foi indicada por 33% dos entrevistados protestantes.<\/p>\n\n\n\n<p>A 160\u00aa edi\u00e7\u00e3o da Pesquisa CNT de Opini\u00e3o, que ser\u00e1 divulgada na \u00edntegra nesta ter\u00e7a-feira (23), ainda aferiu a avalia\u00e7\u00e3o geral da gest\u00e3o Lula pelos dois estratos religiosos.<\/p>\n\n\n\n<p>O governo foi avaliado como \u00f3timo ou bom por 31% dos evang\u00e9licos, como ruim ou p\u00e9ssimo por 36% deles e como regular por 30%. Entre cat\u00f3licos os \u00edndices foram de 49%, 24% e 27%, respectivamente.<\/p>\n\n\n\n<p>Em outubro de 2023, o governo Lula era visto como \u00f3timo ou bom por 29% dos evang\u00e9licos, como ruim ou p\u00e9ssimo por 38% deles e como regular por 30%. Em compara\u00e7\u00e3o \u00e0 pesquisa deste m\u00eas, as varia\u00e7\u00f5es de \u00f3timo ou bom e de ruim ou p\u00e9ssimo registraram queda, mas dentro da margem de erro.<\/p>\n\n\n\n<p>O levantamento feito na semana passada tamb\u00e9m perguntou a opini\u00e3o dos respondentes sobre uma&nbsp;eventual reelei\u00e7\u00e3o de Lula em 2026. Entre os 55,2% que dizem aprovar a atua\u00e7\u00e3o do petista, 78,3% apoiam que ele se candidate no pr\u00f3ximo pleito presidencial, ante 16,5% que rejeitam a ideia e 5,2% que disseram n\u00e3o saber avaliar.<\/p>\n\n\n\n<p>A pesquisa ainda identificou que a maior parte dos 39,6% que dizem desaprovar a atua\u00e7\u00e3o de Lula est\u00e1 aberta a mudar de opini\u00e3o. Neste grupo, 63,3% afirmam que poderiam passar a aprovar o petista caso ele \u201cconsiga reduzir a infla\u00e7\u00e3o, melhorar a economia, reduzir o&nbsp;desemprego&nbsp;e melhorar qualidade de vida\u201d dos brasileiros. Outros 34% recha\u00e7am a ideia de aprov\u00e1-lo mesmo diante da melhora desses indicadores, e 2,7% dizem n\u00e3o saber avaliar.<\/p>\n\n\n\n<p>A \u00edntegra da nova Pesquisa CNT de Opini\u00e3o ser\u00e1 divulgada no&nbsp;<a href=\"https:\/\/www.youtube.com\/watch?v=0nbG69iFrRA\" target=\"_blank\" rel=\"noreferrer noopener\">canal da confedera\u00e7\u00e3o no YouTube<\/a>&nbsp;a partir das 11h. Al\u00e9m da avalia\u00e7\u00e3o sobre o primeiro ano do atual governo de Lula, o levantamento trar\u00e1 dados sobre a vis\u00e3o dos brasileiros em temas como emprego, educa\u00e7\u00e3o, sa\u00fade, seguran\u00e7a e intelig\u00eancia artificial.<\/p>\n\n\n\n<p><strong><em>Folha de SP<\/em><\/strong><\/p>\n","protected":false},"excerpt":{"rendered":"<p>O presidente&nbsp;Lula&nbsp;(PT) inicia o segundo ano de seu terceiro mandato ainda enfrentando uma resist\u00eancia expressiva dos&nbsp;evang\u00e9licos. Na avalia\u00e7\u00e3o de 40%<\/p>\n","protected":false},"author":1,"featured_media":4658,"comment_status":"open","ping_status":"open","sticky":false,"template":"","format":"standard","meta":{"footnotes":""},"categories":[2],"tags":[],"class_list":["post-4657","post","type-post","status-publish","format-standard","has-post-thumbnail","hentry","category-noticias"],"_links":{"self":[{"href":"https:\/\/jornaloalvorada.com.br\/site\/wp-json\/wp\/v2\/posts\/4657","targetHints":{"allow":["GET"]}}],"collection":[{"href":"https:\/\/jornaloalvorada.com.br\/site\/wp-json\/wp\/v2\/posts"}],"about":[{"href":"https:\/\/jornaloalvorada.com.br\/site\/wp-json\/wp\/v2\/types\/post"}],"author":[{"embeddable":true,"href":"https:\/\/jornaloalvorada.com.br\/site\/wp-json\/wp\/v2\/users\/1"}],"replies":[{"embeddable":true,"href":"https:\/\/jornaloalvorada.com.br\/site\/wp-json\/wp\/v2\/comments?post=4657"}],"version-history":[{"count":1,"href":"https:\/\/jornaloalvorada.com.br\/site\/wp-json\/wp\/v2\/posts\/4657\/revisions"}],"predecessor-version":[{"id":4659,"href":"https:\/\/jornaloalvorada.com.br\/site\/wp-json\/wp\/v2\/posts\/4657\/revisions\/4659"}],"wp:featuredmedia":[{"embeddable":true,"href":"https:\/\/jornaloalvorada.com.br\/site\/wp-json\/wp\/v2\/media\/4658"}],"wp:attachment":[{"href":"https:\/\/jornaloalvorada.com.br\/site\/wp-json\/wp\/v2\/media?parent=4657"}],"wp:term":[{"taxonomy":"category","embeddable":true,"href":"https:\/\/jornaloalvorada.com.br\/site\/wp-json\/wp\/v2\/categories?post=4657"},{"taxonomy":"post_tag","embeddable":true,"href":"https:\/\/jornaloalvorada.com.br\/site\/wp-json\/wp\/v2\/tags?post=4657"}],"curies":[{"name":"wp","href":"https:\/\/api.w.org\/{rel}","templated":true}]}}