{"id":4648,"date":"2024-01-25T14:27:19","date_gmt":"2024-01-25T18:27:19","guid":{"rendered":"https:\/\/jornaloalvorada.com.br\/site\/?p=4648"},"modified":"2024-01-25T14:27:22","modified_gmt":"2024-01-25T18:27:22","slug":"imposto-de-renda-2024-veja-as-datas-para-entrega-da-declaracao","status":"publish","type":"post","link":"https:\/\/jornaloalvorada.com.br\/site\/2024\/01\/25\/imposto-de-renda-2024-veja-as-datas-para-entrega-da-declaracao\/","title":{"rendered":"Imposto de Renda 2024: veja as datas para entrega da declara\u00e7\u00e3o"},"content":{"rendered":"\n<p>Os contribuintes brasileiros ter\u00e3o entre os dias 15 de mar\u00e7o a 31 de maio para entregar a declara\u00e7\u00e3o do Imposto de Renda Pessoa F\u00edsica (IRPF) de 2024, segundo estabeleceu a Receita Federal.<\/p>\n\n\n\n<p>Ou seja, ser\u00e3o dois meses e meio para acertar as contas com o Fisco.<\/p>\n\n\n\n<p>S\u00e3o obrigados declarar contribuintes que receberam rendimentos tribut\u00e1veis superiores a R$ 28.559,70 em 2023, o que representa cerca de dois sal\u00e1rios m\u00ednimos por m\u00eas.<\/p>\n\n\n\n<p>Vale ressaltar que, a partir deste ano, a faixa de isen\u00e7\u00e3o do Imposto de Renda ser\u00e1 ampliada de R$ 1.903,98 para R$ 2.112,00.<\/p>\n\n\n\n<p>Essa mudan\u00e7a permitir\u00e1 que 13,7 milh\u00f5es de contribuintes fiquem isentos do tributo, conforme a Receita Federal.<\/p>\n\n\n\n<p>O presidente da Associa\u00e7\u00e3o Nacional dos Auditores Fiscais da Receita Federal do Brasil (Unafisco Nacional),&nbsp;Mauro Silva, explica que enquanto a tabela de isen\u00e7\u00e3o permanece sem corre\u00e7\u00e3o, a faixa m\u00ednima continua com ganhos de at\u00e9 R$ 2.112, e por um artif\u00edcio da lei, que quem ganha at\u00e9 R$ 2.640 (dois m\u00ednimos em 2023) fica isento.<\/p>\n\n\n\n<p>No entanto, de acordo com ele, a corre\u00e7\u00e3o no m\u00ednimo elevou o valor para R$ 2.824, e, portanto, perdeu a posi\u00e7\u00e3o de isen\u00e7\u00e3o, com retorno da tributa\u00e7\u00e3o de 7,5% do sal\u00e1rio para o fisco.<\/p>\n\n\n\n<h2 class=\"wp-block-heading\">Confira a tabela do imposto de renda de 2024:<\/h2>\n\n\n\n<p>Ser\u00e1 ainda concedido um desconto de R$ 528 sobre o imposto pago direto na fonte para todos os contribuintes que optarem pelo modelo simplificado.<\/p>\n\n\n\n<p>Veja alguns exemplos:<\/p>\n\n\n\n<h2 class=\"wp-block-heading\">Quem precisa declarar?<\/h2>\n\n\n\n<ul class=\"wp-block-list\">\n<li>Receberam mais de R$ 28.559,70 em 2023;<\/li>\n\n\n\n<li>Quem teve rendimento maior do que R$ 40 mil em rendimentos isentos, n\u00e3o tribut\u00e1veis ou tributados exclusivamente na fonte como, bolsas de estudo e indeniza\u00e7\u00f5es trabalhistas;<\/li>\n\n\n\n<li>Quem possue bens, como ve\u00edculos e im\u00f3veis, de valor superior a R$ 300 mil;<\/li>\n\n\n\n<li>Quem movimentou um valor superior a R$ 40 mil na bolsa de valores;<\/li>\n\n\n\n<li>Quem teve receita bruta anual de atividade rural maior que R$ 142.798,50;<\/li>\n\n\n\n<li>Estrangeiro que se mudou para o Brasil em qualquer m\u00eas do ano de 2023 e permaneceu at\u00e9 31 de dezembro.<\/li>\n<\/ul>\n\n\n\n<h2 class=\"wp-block-heading\">Declara\u00e7\u00e3o de IR simplificado<\/h2>\n\n\n\n<p>O brasileiro que \u00e9 obrigado a declarar o Imposto de Renda pode optar pelo modelo simplificado.<\/p>\n\n\n\n<p>Neste formato \u00e9 aplicado um desconto padr\u00e3o de 20% sobre os rendimentos tribut\u00e1veis, limitado a um determinado valor. Este desconto substitui todas as dedu\u00e7\u00f5es legais permitidas no modelo completo.<\/p>\n\n\n\n<h2 class=\"wp-block-heading\">Declara\u00e7\u00e3o de IR completo<\/h2>\n\n\n\n<p>Neste modelo,&nbsp;\u00e9 poss\u00edvel detalhar todas as despesas dedut\u00edveis, como gastos com educa\u00e7\u00e3o, sa\u00fade, previd\u00eancia privada, entre outros. N\u00e3o h\u00e1 um desconto padr\u00e3o, e as dedu\u00e7\u00f5es s\u00e3o calculadas individualmente.<\/p>\n\n\n\n<h2 class=\"wp-block-heading\">Declara\u00e7\u00e3o pr\u00e9-preenchida<\/h2>\n\n\n\n<p>Se o contribuinte tem uma conta gov.br, n\u00edvel prata ou ouro, pode iniciar a declara\u00e7\u00e3o com v\u00e1rios campos j\u00e1 preenchidos.<\/p>\n\n\n\n<p>As informa\u00e7\u00f5es de rendimentos, dedu\u00e7\u00f5es, bens, direitos, d\u00edvidas e \u00f4nus reais s\u00e3o importadas da declara\u00e7\u00e3o do ano anterior, do carn\u00ea-le\u00e3o e das declara\u00e7\u00f5es de terceiros, como fontes pagadoras, imobili\u00e1rias ou servi\u00e7os m\u00e9dicos, por exemplo.<\/p>\n\n\n\n<p><strong><em>Fonte: Terra Brasil Not\u00edcias<\/em><\/strong><\/p>\n","protected":false},"excerpt":{"rendered":"<p>Os contribuintes brasileiros ter\u00e3o entre os dias 15 de mar\u00e7o a 31 de maio para entregar a declara\u00e7\u00e3o do Imposto<\/p>\n","protected":false},"author":1,"featured_media":333,"comment_status":"open","ping_status":"open","sticky":false,"template":"","format":"standard","meta":{"footnotes":""},"categories":[2],"tags":[],"class_list":["post-4648","post","type-post","status-publish","format-standard","has-post-thumbnail","hentry","category-noticias"],"_links":{"self":[{"href":"https:\/\/jornaloalvorada.com.br\/site\/wp-json\/wp\/v2\/posts\/4648","targetHints":{"allow":["GET"]}}],"collection":[{"href":"https:\/\/jornaloalvorada.com.br\/site\/wp-json\/wp\/v2\/posts"}],"about":[{"href":"https:\/\/jornaloalvorada.com.br\/site\/wp-json\/wp\/v2\/types\/post"}],"author":[{"embeddable":true,"href":"https:\/\/jornaloalvorada.com.br\/site\/wp-json\/wp\/v2\/users\/1"}],"replies":[{"embeddable":true,"href":"https:\/\/jornaloalvorada.com.br\/site\/wp-json\/wp\/v2\/comments?post=4648"}],"version-history":[{"count":1,"href":"https:\/\/jornaloalvorada.com.br\/site\/wp-json\/wp\/v2\/posts\/4648\/revisions"}],"predecessor-version":[{"id":4649,"href":"https:\/\/jornaloalvorada.com.br\/site\/wp-json\/wp\/v2\/posts\/4648\/revisions\/4649"}],"wp:featuredmedia":[{"embeddable":true,"href":"https:\/\/jornaloalvorada.com.br\/site\/wp-json\/wp\/v2\/media\/333"}],"wp:attachment":[{"href":"https:\/\/jornaloalvorada.com.br\/site\/wp-json\/wp\/v2\/media?parent=4648"}],"wp:term":[{"taxonomy":"category","embeddable":true,"href":"https:\/\/jornaloalvorada.com.br\/site\/wp-json\/wp\/v2\/categories?post=4648"},{"taxonomy":"post_tag","embeddable":true,"href":"https:\/\/jornaloalvorada.com.br\/site\/wp-json\/wp\/v2\/tags?post=4648"}],"curies":[{"name":"wp","href":"https:\/\/api.w.org\/{rel}","templated":true}]}}