{"id":4644,"date":"2024-01-24T15:00:28","date_gmt":"2024-01-24T19:00:28","guid":{"rendered":"https:\/\/jornaloalvorada.com.br\/site\/?p=4644"},"modified":"2024-01-24T15:00:31","modified_gmt":"2024-01-24T19:00:31","slug":"prefeito-paleari-se-reune-com-equipe-da-acp-bioenergia","status":"publish","type":"post","link":"https:\/\/jornaloalvorada.com.br\/site\/2024\/01\/24\/prefeito-paleari-se-reune-com-equipe-da-acp-bioenergia\/","title":{"rendered":"Prefeito Paleari se re\u00fane com equipe da ACP Bioenergia"},"content":{"rendered":"\n<p>Prefeito de Nova Alvorada do Sul, Jos\u00e9 Paulo Paleari esteve reunido com a equipe da ACP Bioenergia, representada pelo Andre Candido, propriet\u00e1rio da empresa, Daniel Peressinoto diretor e Cristiano Bastos, gerente de opera\u00e7\u00f5es.<\/p>\n\n\n\n<p>A ACP Bioenergia \u00e9 uma das maiores fornecedoras de cana-de-a\u00e7\u00facar do Pa\u00eds e seus representantes estiveram visitando o nosso munic\u00edpio, com o projeto de implanta\u00e7\u00e3o da Base da ACP em Nova Alvorada do Sul.<\/p>\n","protected":false},"excerpt":{"rendered":"<p>Prefeito de Nova Alvorada do Sul, Jos\u00e9 Paulo Paleari esteve reunido com a equipe da ACP Bioenergia, representada pelo Andre<\/p>\n","protected":false},"author":1,"featured_media":4645,"comment_status":"open","ping_status":"open","sticky":false,"template":"","format":"standard","meta":{"footnotes":""},"categories":[2],"tags":[],"class_list":["post-4644","post","type-post","status-publish","format-standard","has-post-thumbnail","hentry","category-noticias"],"_links":{"self":[{"href":"https:\/\/jornaloalvorada.com.br\/site\/wp-json\/wp\/v2\/posts\/4644","targetHints":{"allow":["GET"]}}],"collection":[{"href":"https:\/\/jornaloalvorada.com.br\/site\/wp-json\/wp\/v2\/posts"}],"about":[{"href":"https:\/\/jornaloalvorada.com.br\/site\/wp-json\/wp\/v2\/types\/post"}],"author":[{"embeddable":true,"href":"https:\/\/jornaloalvorada.com.br\/site\/wp-json\/wp\/v2\/users\/1"}],"replies":[{"embeddable":true,"href":"https:\/\/jornaloalvorada.com.br\/site\/wp-json\/wp\/v2\/comments?post=4644"}],"version-history":[{"count":1,"href":"https:\/\/jornaloalvorada.com.br\/site\/wp-json\/wp\/v2\/posts\/4644\/revisions"}],"predecessor-version":[{"id":4646,"href":"https:\/\/jornaloalvorada.com.br\/site\/wp-json\/wp\/v2\/posts\/4644\/revisions\/4646"}],"wp:featuredmedia":[{"embeddable":true,"href":"https:\/\/jornaloalvorada.com.br\/site\/wp-json\/wp\/v2\/media\/4645"}],"wp:attachment":[{"href":"https:\/\/jornaloalvorada.com.br\/site\/wp-json\/wp\/v2\/media?parent=4644"}],"wp:term":[{"taxonomy":"category","embeddable":true,"href":"https:\/\/jornaloalvorada.com.br\/site\/wp-json\/wp\/v2\/categories?post=4644"},{"taxonomy":"post_tag","embeddable":true,"href":"https:\/\/jornaloalvorada.com.br\/site\/wp-json\/wp\/v2\/tags?post=4644"}],"curies":[{"name":"wp","href":"https:\/\/api.w.org\/{rel}","templated":true}]}}