{"id":4625,"date":"2024-01-23T14:12:51","date_gmt":"2024-01-23T18:12:51","guid":{"rendered":"https:\/\/jornaloalvorada.com.br\/site\/?p=4625"},"modified":"2024-01-23T14:12:54","modified_gmt":"2024-01-23T18:12:54","slug":"contas-de-luz-devem-subir-56-em-2024-diz-aneel","status":"publish","type":"post","link":"https:\/\/jornaloalvorada.com.br\/site\/2024\/01\/23\/contas-de-luz-devem-subir-56-em-2024-diz-aneel\/","title":{"rendered":"Contas de luz devem subir 5,6% em 2024, diz Aneel"},"content":{"rendered":"\n<p>Os reajustes das contas de luz devem subir 5,6% em 2024, conforme proje\u00e7\u00f5es in\u00e9ditas da Ag\u00eancia Nacional de Energia El\u00e9trica (Aneel), que fez uma estimativa m\u00e9dia para as 52 concession\u00e1rias de distribui\u00e7\u00e3o do pa\u00eds.<\/p>\n\n\n\n<p>A informa\u00e7\u00e3o foi antecipada pelo diretor-geral da ag\u00eancia, Sandoval Feitosa, em entrevista \u00e0&nbsp;CNN. No ano passado, a Aneel previa alta de 6,8% \u2014 o aumento efetivamente verificado foi de 5,9%.<\/p>\n\n\n\n<p>A proje\u00e7\u00e3o para os reajustes m\u00e9dios deste ano supera tanto as estimativas de mercado para o IGP-M (4,04%) quanto para o IPCA (3,86%) captadas no \u00faltimo boletim Focus, divulgado semanalmente pelo Banco Central.<\/p>\n\n\n\n<p>De acordo com Feitosa, h\u00e1 tr\u00eas raz\u00f5es principais para que a previs\u00e3o de reajustes m\u00e9dios esteja acima da infla\u00e7\u00e3o. Uma \u00e9 a expans\u00e3o da rede b\u00e1sica de energia, com leil\u00f5es de linha de transmiss\u00e3o em 2023 e em 2024 que somam R$ 60 bilh\u00f5es em novos investimentos. As concession\u00e1rias precisam ser remuneradas via tarifa por esses investimentos.<\/p>\n\n\n\n<p>O segundo motivo \u00e9 o aumento dos subs\u00eddios no setor. A Conta de Desenvolvimento Energ\u00e9tico (CDE), que congrega as subven\u00e7\u00f5es nas tarifas de energia e \u00e9 rateada pelos consumidores de todo o pa\u00eds, deve alcan\u00e7ar R$ 37 bilh\u00f5es em 2024. No ano passado, foi de R$ 34 bilh\u00f5es. Desde 2010, houve crescimento de 269% da CDE.<\/p>\n\n\n\n<p>Por fim, Feitosa cita o fim da devolu\u00e7\u00e3o dos cr\u00e9ditos tribut\u00e1rios decorrentes da exclus\u00e3o do ICMS da base de c\u00e1lculo de PIS\/Cofins. Mais de R$ 50 bilh\u00f5es est\u00e3o sendo devolvidos aos consumidores por pagamentos indevidos, mas a maioria dos cr\u00e9ditos foi usada em 2022 e em 2023. Como resta apenas um valor residual, o al\u00edvio nas contas de luz fica menor.<\/p>\n\n\n\n<p><strong>CNN Brasil<\/strong><\/p>\n","protected":false},"excerpt":{"rendered":"<p>Os reajustes das contas de luz devem subir 5,6% em 2024, conforme proje\u00e7\u00f5es in\u00e9ditas da Ag\u00eancia Nacional de Energia El\u00e9trica<\/p>\n","protected":false},"author":1,"featured_media":4627,"comment_status":"open","ping_status":"open","sticky":false,"template":"","format":"standard","meta":{"footnotes":""},"categories":[2],"tags":[],"class_list":["post-4625","post","type-post","status-publish","format-standard","has-post-thumbnail","hentry","category-noticias"],"_links":{"self":[{"href":"https:\/\/jornaloalvorada.com.br\/site\/wp-json\/wp\/v2\/posts\/4625","targetHints":{"allow":["GET"]}}],"collection":[{"href":"https:\/\/jornaloalvorada.com.br\/site\/wp-json\/wp\/v2\/posts"}],"about":[{"href":"https:\/\/jornaloalvorada.com.br\/site\/wp-json\/wp\/v2\/types\/post"}],"author":[{"embeddable":true,"href":"https:\/\/jornaloalvorada.com.br\/site\/wp-json\/wp\/v2\/users\/1"}],"replies":[{"embeddable":true,"href":"https:\/\/jornaloalvorada.com.br\/site\/wp-json\/wp\/v2\/comments?post=4625"}],"version-history":[{"count":1,"href":"https:\/\/jornaloalvorada.com.br\/site\/wp-json\/wp\/v2\/posts\/4625\/revisions"}],"predecessor-version":[{"id":4628,"href":"https:\/\/jornaloalvorada.com.br\/site\/wp-json\/wp\/v2\/posts\/4625\/revisions\/4628"}],"wp:featuredmedia":[{"embeddable":true,"href":"https:\/\/jornaloalvorada.com.br\/site\/wp-json\/wp\/v2\/media\/4627"}],"wp:attachment":[{"href":"https:\/\/jornaloalvorada.com.br\/site\/wp-json\/wp\/v2\/media?parent=4625"}],"wp:term":[{"taxonomy":"category","embeddable":true,"href":"https:\/\/jornaloalvorada.com.br\/site\/wp-json\/wp\/v2\/categories?post=4625"},{"taxonomy":"post_tag","embeddable":true,"href":"https:\/\/jornaloalvorada.com.br\/site\/wp-json\/wp\/v2\/tags?post=4625"}],"curies":[{"name":"wp","href":"https:\/\/api.w.org\/{rel}","templated":true}]}}