{"id":4623,"date":"2024-01-23T08:34:38","date_gmt":"2024-01-23T12:34:38","guid":{"rendered":"https:\/\/jornaloalvorada.com.br\/site\/?p=4623"},"modified":"2024-01-23T08:34:41","modified_gmt":"2024-01-23T12:34:41","slug":"tempo-permanece-instavel-e-terca-feira-pode-registrar-chuvas-e-tempestades-em-ms","status":"publish","type":"post","link":"https:\/\/jornaloalvorada.com.br\/site\/2024\/01\/23\/tempo-permanece-instavel-e-terca-feira-pode-registrar-chuvas-e-tempestades-em-ms\/","title":{"rendered":"Tempo permanece inst\u00e1vel e ter\u00e7a-feira pode registrar chuvas e tempestades em MS"},"content":{"rendered":"\n<p>Para esta ter\u00e7a-feira (23), a previs\u00e3o indica tempo inst\u00e1vel, com probabilidade para chuvas de intensidade fraca a moderada. Ainda, pontualmente podem ocorrer chuvas intensas, com tempestades acompanhadas de raios e rajadas de vento e acumulados que podem registrar acima de 50 mm principalmente nas regi\u00f5es Centro-Sul, Leste e Nordeste.<\/p>\n\n\n\n<p>De acordo com o Cemtec (Centro de Monitoramento do Tempo e do Clima), tais instabilidades ocorrem devido ao avan\u00e7o de uma frente fria aliada a atua\u00e7\u00e3o de uma \u00e1rea de baixa press\u00e3o atmosf\u00e9rica. Al\u00e9m disso, a passagem de cavados favorece o aumento de nuvens e forma\u00e7\u00e3o de chuvas em Mato Grosso do Sul.<\/p>\n\n\n\n<p>Para Campo Grande, a m\u00ednima prevista \u00e9 de 22\u00b0C e a m\u00e1xima pode chegar aos 28\u00b0C. Nas regi\u00f5es Sul e Leste, os term\u00f4metros marcam 20\u00b0C inicialmente e atingem 27\u00b0C ao longo do dia.<\/p>\n\n\n\n<p>Nas regi\u00f5es Norte e Bols\u00e3o, os munic\u00edpios amanhecem com 22\u00b0C e marcam 30\u00b0C nos hor\u00e1rios mais quentes. J\u00e1 no Pantanal e Sudoeste do estado, as temperaturas podem variar entre 23\u00b0C e 32\u00b0C, registrando os valores mais altos desta ter\u00e7a-feira.<\/p>\n\n\n\n<figure class=\"wp-block-image\"><a href=\"https:\/\/agenciadenoticias.ms.gov.br\/wp-content\/uploads\/2024\/01\/Mapa-Cemtec-23-01-24.jpg\"><img decoding=\"async\" src=\"https:\/\/agenciadenoticias.ms.gov.br\/wp-content\/uploads\/2024\/01\/Mapa-Cemtec-23-01-24-1024x724.jpg\" alt=\"\"\/><\/a><\/figure>\n\n\n\n<p><em>Heloisa Duim, Programa de Est\u00e1gio Supervisionado<\/em><br><em>Foto: \u00c1lvaro Rezende<\/em><\/p>\n","protected":false},"excerpt":{"rendered":"<p>Para esta ter\u00e7a-feira (23), a previs\u00e3o indica tempo inst\u00e1vel, com probabilidade para chuvas de intensidade fraca a moderada. Ainda, pontualmente<\/p>\n","protected":false},"author":1,"featured_media":4504,"comment_status":"open","ping_status":"open","sticky":false,"template":"","format":"standard","meta":{"footnotes":""},"categories":[2],"tags":[],"class_list":["post-4623","post","type-post","status-publish","format-standard","has-post-thumbnail","hentry","category-noticias"],"_links":{"self":[{"href":"https:\/\/jornaloalvorada.com.br\/site\/wp-json\/wp\/v2\/posts\/4623","targetHints":{"allow":["GET"]}}],"collection":[{"href":"https:\/\/jornaloalvorada.com.br\/site\/wp-json\/wp\/v2\/posts"}],"about":[{"href":"https:\/\/jornaloalvorada.com.br\/site\/wp-json\/wp\/v2\/types\/post"}],"author":[{"embeddable":true,"href":"https:\/\/jornaloalvorada.com.br\/site\/wp-json\/wp\/v2\/users\/1"}],"replies":[{"embeddable":true,"href":"https:\/\/jornaloalvorada.com.br\/site\/wp-json\/wp\/v2\/comments?post=4623"}],"version-history":[{"count":1,"href":"https:\/\/jornaloalvorada.com.br\/site\/wp-json\/wp\/v2\/posts\/4623\/revisions"}],"predecessor-version":[{"id":4624,"href":"https:\/\/jornaloalvorada.com.br\/site\/wp-json\/wp\/v2\/posts\/4623\/revisions\/4624"}],"wp:featuredmedia":[{"embeddable":true,"href":"https:\/\/jornaloalvorada.com.br\/site\/wp-json\/wp\/v2\/media\/4504"}],"wp:attachment":[{"href":"https:\/\/jornaloalvorada.com.br\/site\/wp-json\/wp\/v2\/media?parent=4623"}],"wp:term":[{"taxonomy":"category","embeddable":true,"href":"https:\/\/jornaloalvorada.com.br\/site\/wp-json\/wp\/v2\/categories?post=4623"},{"taxonomy":"post_tag","embeddable":true,"href":"https:\/\/jornaloalvorada.com.br\/site\/wp-json\/wp\/v2\/tags?post=4623"}],"curies":[{"name":"wp","href":"https:\/\/api.w.org\/{rel}","templated":true}]}}