{"id":4613,"date":"2024-01-23T08:27:23","date_gmt":"2024-01-23T12:27:23","guid":{"rendered":"https:\/\/jornaloalvorada.com.br\/site\/?p=4613"},"modified":"2024-01-23T08:28:51","modified_gmt":"2024-01-23T12:28:51","slug":"investimento-de-r-15-milhao-na-educacao-infantil-garante-novas-vagas-e-melhorias-no-cemei-maria-ferreira-em-nova-alvorada-do-sul","status":"publish","type":"post","link":"https:\/\/jornaloalvorada.com.br\/site\/2024\/01\/23\/investimento-de-r-15-milhao-na-educacao-infantil-garante-novas-vagas-e-melhorias-no-cemei-maria-ferreira-em-nova-alvorada-do-sul\/","title":{"rendered":"Investimento de R$ 1,5 milh\u00e3o na educa\u00e7\u00e3o infantil garante novas vagas e melhorias no CEMEI Maria Ferreira em Nova Alvorada do Sul"},"content":{"rendered":"\n<p>Importante investimento na educa\u00e7\u00e3o de Nova Alvorada do Sul, as obras de reforma e amplia\u00e7\u00e3o do CEMEI Maria Ferreira, importante centro de educa\u00e7\u00e3o infantil da cidade, seguem em ritmo acelerado. Com investimento de aproximadamente R$ 1,5 milh\u00e3o, a obra proporcionar\u00e1 um ambiente educacional acolhedor e de qualidade para as crian\u00e7as.<\/p>\n\n\n\n<p>A reforma e amplia\u00e7\u00e3o da unidade de ensino est\u00e1 recebendo os acabamentos finais neste in\u00edcio de 2024. O Cemei atendia 154 alunos. Com a amplia\u00e7\u00e3o, a nova estrutura vai passar a atender mais de 200 crian\u00e7as. Essa amplia\u00e7\u00e3o visa suprir a demanda crescente por vagas na educa\u00e7\u00e3o infantil do munic\u00edpio, garantindo que mais fam\u00edlias tenham acesso \u00e0 educa\u00e7\u00e3o para seus filhos.<\/p>\n\n\n\n<figure class=\"wp-block-image size-large\"><img loading=\"lazy\" decoding=\"async\" width=\"1024\" height=\"768\" src=\"https:\/\/jornaloalvorada.com.br\/site\/wp-content\/uploads\/2024\/01\/nas1-1-1024x768.jpg\" alt=\"\" class=\"wp-image-4616\" srcset=\"https:\/\/jornaloalvorada.com.br\/site\/wp-content\/uploads\/2024\/01\/nas1-1-1024x768.jpg 1024w, https:\/\/jornaloalvorada.com.br\/site\/wp-content\/uploads\/2024\/01\/nas1-1-300x225.jpg 300w, https:\/\/jornaloalvorada.com.br\/site\/wp-content\/uploads\/2024\/01\/nas1-1-768x576.jpg 768w, https:\/\/jornaloalvorada.com.br\/site\/wp-content\/uploads\/2024\/01\/nas1-1-1536x1152.jpg 1536w, https:\/\/jornaloalvorada.com.br\/site\/wp-content\/uploads\/2024\/01\/nas1-1.jpg 1600w\" sizes=\"auto, (max-width: 1024px) 100vw, 1024px\" \/><\/figure>\n\n\n\n<p>Al\u00e9m do aumento de vagas, o pr\u00e9dio recebeu diversas melhorias estruturais. Foram realizados reparos nas instala\u00e7\u00f5es existentes, garantindo a seguran\u00e7a e o conforto das crian\u00e7as. Tamb\u00e9m foram constru\u00eddos novos espa\u00e7os pedag\u00f3gicos, salas de aulas, \u00e1reas de recrea\u00e7\u00e3o, novos banheiros e cozinha.<\/p>\n\n\n\n<p>Acreditamos que investir na educa\u00e7\u00e3o \u00e9 investir no futuro da nossa cidade. Por isso, essa obra \u00e9 um passo importante para fortalecer ainda mais nosso sistema educacional. \u201cEstamos comprometidos em oferecer uma educa\u00e7\u00e3o de qualidade, com infraestrutura adequada e profissionais qualificados, visando o desenvolvimento de nossos estudantes. Nova Alvorada do Sul vai crescer muito mais&#8221;, frisou o prefeito Paleari.<\/p>\n\n\n\n<figure class=\"wp-block-image size-large\"><img loading=\"lazy\" decoding=\"async\" width=\"1024\" height=\"768\" src=\"https:\/\/jornaloalvorada.com.br\/site\/wp-content\/uploads\/2024\/01\/nas2-1024x768.jpg\" alt=\"\" class=\"wp-image-4617\" srcset=\"https:\/\/jornaloalvorada.com.br\/site\/wp-content\/uploads\/2024\/01\/nas2-1024x768.jpg 1024w, https:\/\/jornaloalvorada.com.br\/site\/wp-content\/uploads\/2024\/01\/nas2-300x225.jpg 300w, https:\/\/jornaloalvorada.com.br\/site\/wp-content\/uploads\/2024\/01\/nas2-768x576.jpg 768w, https:\/\/jornaloalvorada.com.br\/site\/wp-content\/uploads\/2024\/01\/nas2-1536x1152.jpg 1536w, https:\/\/jornaloalvorada.com.br\/site\/wp-content\/uploads\/2024\/01\/nas2.jpg 1600w\" sizes=\"auto, (max-width: 1024px) 100vw, 1024px\" \/><\/figure>\n\n\n\n<p>O Cemei Maria Ferreira precisava de uma aten\u00e7\u00e3o especial. Quando assumimos a gest\u00e3o, havia muitas coisas para serem feitas e a educa\u00e7\u00e3o sempre foi uma de nossas prioridades. Novos Cemeis e reforma das nossas escolas s\u00e3o prioridades desta administra\u00e7\u00e3o&#8221;, finalizou o prefeito.<\/p>\n","protected":false},"excerpt":{"rendered":"<p>Importante investimento na educa\u00e7\u00e3o de Nova Alvorada do Sul, as obras de reforma e amplia\u00e7\u00e3o do CEMEI Maria Ferreira, importante<\/p>\n","protected":false},"author":1,"featured_media":4614,"comment_status":"open","ping_status":"open","sticky":false,"template":"","format":"standard","meta":{"footnotes":""},"categories":[2],"tags":[],"class_list":["post-4613","post","type-post","status-publish","format-standard","has-post-thumbnail","hentry","category-noticias"],"_links":{"self":[{"href":"https:\/\/jornaloalvorada.com.br\/site\/wp-json\/wp\/v2\/posts\/4613","targetHints":{"allow":["GET"]}}],"collection":[{"href":"https:\/\/jornaloalvorada.com.br\/site\/wp-json\/wp\/v2\/posts"}],"about":[{"href":"https:\/\/jornaloalvorada.com.br\/site\/wp-json\/wp\/v2\/types\/post"}],"author":[{"embeddable":true,"href":"https:\/\/jornaloalvorada.com.br\/site\/wp-json\/wp\/v2\/users\/1"}],"replies":[{"embeddable":true,"href":"https:\/\/jornaloalvorada.com.br\/site\/wp-json\/wp\/v2\/comments?post=4613"}],"version-history":[{"count":2,"href":"https:\/\/jornaloalvorada.com.br\/site\/wp-json\/wp\/v2\/posts\/4613\/revisions"}],"predecessor-version":[{"id":4618,"href":"https:\/\/jornaloalvorada.com.br\/site\/wp-json\/wp\/v2\/posts\/4613\/revisions\/4618"}],"wp:featuredmedia":[{"embeddable":true,"href":"https:\/\/jornaloalvorada.com.br\/site\/wp-json\/wp\/v2\/media\/4614"}],"wp:attachment":[{"href":"https:\/\/jornaloalvorada.com.br\/site\/wp-json\/wp\/v2\/media?parent=4613"}],"wp:term":[{"taxonomy":"category","embeddable":true,"href":"https:\/\/jornaloalvorada.com.br\/site\/wp-json\/wp\/v2\/categories?post=4613"},{"taxonomy":"post_tag","embeddable":true,"href":"https:\/\/jornaloalvorada.com.br\/site\/wp-json\/wp\/v2\/tags?post=4613"}],"curies":[{"name":"wp","href":"https:\/\/api.w.org\/{rel}","templated":true}]}}