{"id":4610,"date":"2024-01-22T14:54:00","date_gmt":"2024-01-22T18:54:00","guid":{"rendered":"https:\/\/jornaloalvorada.com.br\/site\/?p=4610"},"modified":"2024-01-22T14:54:02","modified_gmt":"2024-01-22T18:54:02","slug":"em-reuniao-com-riedel-simone-mostra-cronogramas-e-garante-r-44-bilhoes-para-rota-bioceanica","status":"publish","type":"post","link":"https:\/\/jornaloalvorada.com.br\/site\/2024\/01\/22\/em-reuniao-com-riedel-simone-mostra-cronogramas-e-garante-r-44-bilhoes-para-rota-bioceanica\/","title":{"rendered":"Em reuni\u00e3o com Riedel, Simone mostra cronogramas e garante R$ 44 bilh\u00f5es para Rota Bioce\u00e2nica"},"content":{"rendered":"\n<p>A ministra do Planejamento e Or\u00e7amento, Simone Tebet (MDB), se reuniu com o governador Eduardo Riedel (PSDB) nesta segunda-feira (22). Na pauta da conversa, a apresenta\u00e7\u00e3o dos cronogramas dos projetos e a libera\u00e7\u00e3o de R$ 44 bilh\u00f5es previstos no Novo PAC (Programa de Acelera\u00e7\u00e3o do Crescimento) para a Rota Bioce\u00e2nica.<\/p>\n\n\n\n<p>Simone apresentou os cronogramas, garantiu o investimento de R$ 44 bilh\u00f5es, e tamb\u00e9m convidou o governador para acompanhar a comitiva federal, nas visitas realizadas aos pa\u00edses que integram a Rota Bioce\u00e2nica.<\/p>\n\n\n\n<p>\u201cVim mostrar para o governador como est\u00e3o as demandas. Os pleitos, pedidos, feitos no ano passado est\u00e3o todos em processo. Come\u00e7amos o ano com um cronograma, e da mesma forma como fui convidada para estar nos pa\u00edses que fazem parte da Rota, Paraguai, Argentina e Chile, vim tamb\u00e9m convidar o governador para me acompanhar. Como farei com o governador do Paran\u00e1 (Carlos Massa Ratinho J\u00fanior), para falarmos da rota de integra\u00e7\u00e3o\u201d, disse Tebet.<\/p>\n\n\n\n<p>Segundo a ministra, as obras que est\u00e3o diretamente relacionadas ao Mato Grosso do Sul, algumas passam por processo de licita\u00e7\u00e3o, outras j\u00e1 foram licitadas ou est\u00e3o perto de dar a ordem de servi\u00e7o.&nbsp;<\/p>\n\n\n\n<p>Simone afirma que os R$ 44 bilh\u00f5es est\u00e3o garantidos porque os investimentos envolvem a integra\u00e7\u00e3o regional, educa\u00e7\u00e3o, com obras na \u00e1rea da sa\u00fade, a\u00e7\u00f5es na ci\u00eancia, tecnologia e \u00e1rea digital, al\u00e9m de ferrovias, rodovias, portos e aeroportos.<\/p>\n\n\n\n<p>\u201cA Rota Bioce\u00e2nica significa um novo caminho para os mercados do Mato Grosso do Sul e do Brasil. Com acesso aos mercados asi\u00e1ticos, China, Jap\u00e3o, Cor\u00e9ia do Sul, \u00cdndia, entre outros. Este acesso saindo pelo (Oceano) Pac\u00edfico se torna mais perto e assim novos produtos ser\u00e3o mais competitivos. Al\u00e9m de proporcionar integra\u00e7\u00e3o com os povos da Am\u00e9rica do Sul. Ao todo s\u00e3o R$ 711 milh\u00f5es que ser\u00e3o investidos no Estado\u201d, disse Riedel.<\/p>\n\n\n\n<p>A ministra tamb\u00e9m passar\u00e1 em todos os onze estados brasileiros que fazem fronteira com pa\u00edses da Am\u00e9rica do Sul.<\/p>\n\n\n\n<p>\u201cN\u00f3s colocamos no organograma do Minist\u00e9rio, quatro meses para andar todos os onze estados de fronteira. Eu come\u00e7o agora o \u201croadshow\u201d, do Amap\u00e1 at\u00e9 o Rio Grande do Sul, passando por Mato Grosso do Sul. E vou, tamb\u00e9m, fazer todos os pa\u00edses da Am\u00e9rica do Sul que est\u00e3o relacionados a cinco rotas de integra\u00e7\u00e3o. A primeira, que vai realmente poder ser inaugurada, vai ser a Rota Bioce\u00e2nica, fora do Sul que j\u00e1 existe e precisa ser adequada\u201d, explicou Tebet.<\/p>\n\n\n\n<p>Sobre a al\u00e7a de acesso \u00e0 ponte, obra emblem\u00e1tica que ser\u00e1 em Mato Grosso do Sul, a expectativa \u00e9 de que seja conclu\u00edda em 30 meses.<\/p>\n\n\n\n<p>\u201cA al\u00e7a, n\u00f3s j\u00e1 temos a ordem de servi\u00e7o, \u00e9 uma obra que envolve e est\u00e1 programa para 36 meses. Conversei com o governador, que acredito, que a depender das chuvas ou da seca, esta obra pode ser entregue com muito mais rapidez. N\u00f3s vamos come\u00e7ar a fazer uma gest\u00e3o para ver se a gente consegue com as empresas em torno de 30 meses, que \u00e9 o suficiente. Dois anos e meio \u00e9 o que a gente precisa para poder estar definitivamente inaugurado essa Rota da Integra\u00e7\u00e3o, que n\u00e3o \u00e9 uma rota que integra s\u00f3 o Mato Grosso do Sul, ela integra o Brasil com o mundo asi\u00e1tico, pelo (Oceano) Pac\u00edfico\u201d, disse Simone.<\/p>\n\n\n\n<p><em><strong>*Com Ag\u00eancia de Not\u00edcias MS<\/strong><\/em><\/p>\n","protected":false},"excerpt":{"rendered":"<p>A ministra do Planejamento e Or\u00e7amento, Simone Tebet (MDB), se reuniu com o governador Eduardo Riedel (PSDB) nesta segunda-feira (22).<\/p>\n","protected":false},"author":1,"featured_media":4611,"comment_status":"open","ping_status":"open","sticky":false,"template":"","format":"standard","meta":{"footnotes":""},"categories":[2],"tags":[],"class_list":["post-4610","post","type-post","status-publish","format-standard","has-post-thumbnail","hentry","category-noticias"],"_links":{"self":[{"href":"https:\/\/jornaloalvorada.com.br\/site\/wp-json\/wp\/v2\/posts\/4610","targetHints":{"allow":["GET"]}}],"collection":[{"href":"https:\/\/jornaloalvorada.com.br\/site\/wp-json\/wp\/v2\/posts"}],"about":[{"href":"https:\/\/jornaloalvorada.com.br\/site\/wp-json\/wp\/v2\/types\/post"}],"author":[{"embeddable":true,"href":"https:\/\/jornaloalvorada.com.br\/site\/wp-json\/wp\/v2\/users\/1"}],"replies":[{"embeddable":true,"href":"https:\/\/jornaloalvorada.com.br\/site\/wp-json\/wp\/v2\/comments?post=4610"}],"version-history":[{"count":1,"href":"https:\/\/jornaloalvorada.com.br\/site\/wp-json\/wp\/v2\/posts\/4610\/revisions"}],"predecessor-version":[{"id":4612,"href":"https:\/\/jornaloalvorada.com.br\/site\/wp-json\/wp\/v2\/posts\/4610\/revisions\/4612"}],"wp:featuredmedia":[{"embeddable":true,"href":"https:\/\/jornaloalvorada.com.br\/site\/wp-json\/wp\/v2\/media\/4611"}],"wp:attachment":[{"href":"https:\/\/jornaloalvorada.com.br\/site\/wp-json\/wp\/v2\/media?parent=4610"}],"wp:term":[{"taxonomy":"category","embeddable":true,"href":"https:\/\/jornaloalvorada.com.br\/site\/wp-json\/wp\/v2\/categories?post=4610"},{"taxonomy":"post_tag","embeddable":true,"href":"https:\/\/jornaloalvorada.com.br\/site\/wp-json\/wp\/v2\/tags?post=4610"}],"curies":[{"name":"wp","href":"https:\/\/api.w.org\/{rel}","templated":true}]}}