{"id":4601,"date":"2024-01-22T11:54:03","date_gmt":"2024-01-22T15:54:03","guid":{"rendered":"https:\/\/jornaloalvorada.com.br\/site\/?p=4601"},"modified":"2024-01-22T11:54:44","modified_gmt":"2024-01-22T15:54:44","slug":"tragedia-varias-mortes-sao-confirmadas-apos-barco-naufragar-na-baia-de-todos-os-santos","status":"publish","type":"post","link":"https:\/\/jornaloalvorada.com.br\/site\/2024\/01\/22\/tragedia-varias-mortes-sao-confirmadas-apos-barco-naufragar-na-baia-de-todos-os-santos\/","title":{"rendered":"Trag\u00e9dia: v\u00e1rias mortes s\u00e3o confirmadas ap\u00f3s barco naufragar na Ba\u00eda de Todos-os-Santos"},"content":{"rendered":"\n<p>Cinco pessoas mortas \u2013 duas mulheres, dois homens e uma crian\u00e7a \u2013 \u00e9 o saldo tr\u00e1gico do naufr\u00e1gio de uma embarca\u00e7\u00e3o na noite desse domingo (21\/1), na cidade de Madre de Deus, na Regi\u00e3o Metropolitana de Salvador (BA).<\/p>\n\n\n\n<p>O acidente ocorreu por voltas das 22h na&nbsp;Ba\u00eda de Todos-os-Santos, quando o barco fazia a travessia entre Ilha de Maria Guarda e Madre de Deus.<\/p>\n\n\n\n<p>Segundo informa\u00e7\u00f5es preliminares, um desentendimento entre passageiros teria ocorrido na embarca\u00e7\u00e3o, que, lotada, levava 20 pessoas. Destas, cinco est\u00e3o internadas em observa\u00e7\u00e3o e duas tiveram alta.<\/p>\n\n\n\n<p>Em nota, a Prefeitura Municipal de Madre de Deus informou que o hospital da cidade presta total assist\u00eancia \u00e0s v\u00edtimas. Veja:<\/p>\n\n\n\n<p>\u201cA Prefeitura Municipal de Madre de Deus expressa profundo pesar pelo tr\u00e1gico acidente de barco ocorrido na noite deste domingo (21), na Ba\u00eda de Todos-os-Santos. O Hospital Municipal de Madre de Deus segue prestando total assist\u00eancia \u00e0s v\u00edtimas.<\/p>\n\n\n\n<p><em>At\u00e9 o momento, cinco \u00f3bitos foram confirmados. Quatro adultos, sendo tr\u00eas do sexo feminino e dois do sexo masculino, incluindo uma crian\u00e7a.<\/em><\/p>\n\n\n\n<p><em>A Prefeitura est\u00e1 aguardando informa\u00e7\u00f5es das pol\u00edcias Civil e Militar, bem como da Capitania dos Portos da Bahia, que seguem apurando os fatos\u201d<\/em>.<\/p>\n\n\n\n<p>Ainda de acordo com a prefeitura, algumas crian\u00e7as foram resgatadas e j\u00e1 est\u00e3o sob cuidados m\u00e9dicos. O \u00f3rg\u00e3o disse que continua com a for\u00e7a-tarefa para encontrar as tr\u00eas pessoas que ainda est\u00e3o desaparecidas.<\/p>\n\n\n\n<p><strong><em>Metr\u00f3poles<\/em><\/strong><\/p>\n","protected":false},"excerpt":{"rendered":"<p>Cinco pessoas mortas \u2013 duas mulheres, dois homens e uma crian\u00e7a \u2013 \u00e9 o saldo tr\u00e1gico do naufr\u00e1gio de uma<\/p>\n","protected":false},"author":1,"featured_media":4602,"comment_status":"open","ping_status":"open","sticky":false,"template":"","format":"standard","meta":{"footnotes":""},"categories":[2],"tags":[],"class_list":["post-4601","post","type-post","status-publish","format-standard","has-post-thumbnail","hentry","category-noticias"],"_links":{"self":[{"href":"https:\/\/jornaloalvorada.com.br\/site\/wp-json\/wp\/v2\/posts\/4601","targetHints":{"allow":["GET"]}}],"collection":[{"href":"https:\/\/jornaloalvorada.com.br\/site\/wp-json\/wp\/v2\/posts"}],"about":[{"href":"https:\/\/jornaloalvorada.com.br\/site\/wp-json\/wp\/v2\/types\/post"}],"author":[{"embeddable":true,"href":"https:\/\/jornaloalvorada.com.br\/site\/wp-json\/wp\/v2\/users\/1"}],"replies":[{"embeddable":true,"href":"https:\/\/jornaloalvorada.com.br\/site\/wp-json\/wp\/v2\/comments?post=4601"}],"version-history":[{"count":1,"href":"https:\/\/jornaloalvorada.com.br\/site\/wp-json\/wp\/v2\/posts\/4601\/revisions"}],"predecessor-version":[{"id":4603,"href":"https:\/\/jornaloalvorada.com.br\/site\/wp-json\/wp\/v2\/posts\/4601\/revisions\/4603"}],"wp:featuredmedia":[{"embeddable":true,"href":"https:\/\/jornaloalvorada.com.br\/site\/wp-json\/wp\/v2\/media\/4602"}],"wp:attachment":[{"href":"https:\/\/jornaloalvorada.com.br\/site\/wp-json\/wp\/v2\/media?parent=4601"}],"wp:term":[{"taxonomy":"category","embeddable":true,"href":"https:\/\/jornaloalvorada.com.br\/site\/wp-json\/wp\/v2\/categories?post=4601"},{"taxonomy":"post_tag","embeddable":true,"href":"https:\/\/jornaloalvorada.com.br\/site\/wp-json\/wp\/v2\/tags?post=4601"}],"curies":[{"name":"wp","href":"https:\/\/api.w.org\/{rel}","templated":true}]}}