{"id":4595,"date":"2024-01-22T08:54:20","date_gmt":"2024-01-22T12:54:20","guid":{"rendered":"https:\/\/jornaloalvorada.com.br\/site\/?p=4595"},"modified":"2024-01-22T08:54:23","modified_gmt":"2024-01-22T12:54:23","slug":"pagamento-do-bolsa-familia-vai-ser-interrompido-para-quem-esta-com-nome-sujo","status":"publish","type":"post","link":"https:\/\/jornaloalvorada.com.br\/site\/2024\/01\/22\/pagamento-do-bolsa-familia-vai-ser-interrompido-para-quem-esta-com-nome-sujo\/","title":{"rendered":"Pagamento do Bolsa Fam\u00edlia vai ser interrompido para quem est\u00e1 com nome sujo?"},"content":{"rendered":"\n<p>Os benefici\u00e1rios de um dos principais programas assistencialistas do Brasil est\u00e3o com uma d\u00favida recentemente. Afinal, o pagamento do Bolsa Fam\u00edlia ser\u00e1 interrompido caso a pessoa esteja com nome sujo?<\/p>\n\n\n\n<p>Dessa forma, tire essa d\u00favida a partir as informa\u00e7\u00f5es apresentadas pelo Governo Federal a fim de determinar se essa situa\u00e7\u00e3o \u00e9 verdadeira ou n\u00e3o.<\/p>\n\n\n\n<p>Segundo o governo, ter d\u00edvidas financeiras e estar com o nome \u201csujo\u201d na pra\u00e7a n\u00e3o \u00e9 motivo para cancelamento ou irregularidade do CPF de quem recebe o Bolsa Fam\u00edlia. Trata-se, portanto, de uma informa\u00e7\u00e3o falsa.<\/p>\n\n\n\n<p>No entanto, \u00e9 importante estar atento \u00e0s informa\u00e7\u00f5es nos extratos de pagamento, no aplicativo do programa e no Caixa Tem (Android, iOS). Logo, o governo tem alertado sobre inconsist\u00eancias encontradas no CPF do titular atrav\u00e9s dessa ferramenta.<\/p>\n\n\n\n<p>Dessa forma, a irregularidade do CPF pode ocorrer devido a diverg\u00eancias de informa\u00e7\u00f5es cadastrais, cancelamento ou suspens\u00e3o na base de dados da Receita Federal, situa\u00e7\u00f5es que podem levar ao bloqueio ou cancelamento dos benef\u00edcios sociais.<\/p>\n\n\n\n<p><strong>Saiba como regularizar o CPF<\/strong><\/p>\n\n\n\n<p>Apesar das pessoas com nome sujo n\u00e3o terem o pagamento do Bolsa Fam\u00edlia interrompido, \u00e9 sempre importante que a situa\u00e7\u00e3o do CPF esteja em dia. Logo, para verific\u00e1-la e regulariz\u00e1-la, \u00e9 necess\u00e1rio consultar a Receita Federal.<\/p>\n\n\n\n<p>Aqueles que tiverem o Bolsa Fam\u00edlia bloqueado em janeiro devem regularizar a situa\u00e7\u00e3o junto ao Fisco e obter informa\u00e7\u00f5es adicionais por meio do site oficial do \u00f3rg\u00e3o. Ap\u00f3s a regulariza\u00e7\u00e3o, a pend\u00eancia ter\u00e1 a sua remo\u00e7\u00e3o autom\u00e1tica do Sistema de Benef\u00edcios ao Cidad\u00e3o (Sibec) V2.<\/p>\n\n\n\n<p>Por fim, para obter informa\u00e7\u00f5es confi\u00e1veis, visite sempre canais oficiais do governo. Se houver d\u00favidas, procure a gest\u00e3o municipal ou entre em contato com o Minist\u00e9rio do Desenvolvimento e Assist\u00eancia Social, Fam\u00edlia e Combate \u00e0 Fome atrav\u00e9s do Disque Social 121.<\/p>\n\n\n\n<p><strong><em>Seu Cr\u00e9dito Digital<\/em><\/strong><\/p>\n\n\n\n<p>                 <\/p>\n","protected":false},"excerpt":{"rendered":"<p>Os benefici\u00e1rios de um dos principais programas assistencialistas do Brasil est\u00e3o com uma d\u00favida recentemente. Afinal, o pagamento do Bolsa<\/p>\n","protected":false},"author":1,"featured_media":4596,"comment_status":"open","ping_status":"open","sticky":false,"template":"","format":"standard","meta":{"footnotes":""},"categories":[2],"tags":[],"class_list":["post-4595","post","type-post","status-publish","format-standard","has-post-thumbnail","hentry","category-noticias"],"_links":{"self":[{"href":"https:\/\/jornaloalvorada.com.br\/site\/wp-json\/wp\/v2\/posts\/4595","targetHints":{"allow":["GET"]}}],"collection":[{"href":"https:\/\/jornaloalvorada.com.br\/site\/wp-json\/wp\/v2\/posts"}],"about":[{"href":"https:\/\/jornaloalvorada.com.br\/site\/wp-json\/wp\/v2\/types\/post"}],"author":[{"embeddable":true,"href":"https:\/\/jornaloalvorada.com.br\/site\/wp-json\/wp\/v2\/users\/1"}],"replies":[{"embeddable":true,"href":"https:\/\/jornaloalvorada.com.br\/site\/wp-json\/wp\/v2\/comments?post=4595"}],"version-history":[{"count":1,"href":"https:\/\/jornaloalvorada.com.br\/site\/wp-json\/wp\/v2\/posts\/4595\/revisions"}],"predecessor-version":[{"id":4597,"href":"https:\/\/jornaloalvorada.com.br\/site\/wp-json\/wp\/v2\/posts\/4595\/revisions\/4597"}],"wp:featuredmedia":[{"embeddable":true,"href":"https:\/\/jornaloalvorada.com.br\/site\/wp-json\/wp\/v2\/media\/4596"}],"wp:attachment":[{"href":"https:\/\/jornaloalvorada.com.br\/site\/wp-json\/wp\/v2\/media?parent=4595"}],"wp:term":[{"taxonomy":"category","embeddable":true,"href":"https:\/\/jornaloalvorada.com.br\/site\/wp-json\/wp\/v2\/categories?post=4595"},{"taxonomy":"post_tag","embeddable":true,"href":"https:\/\/jornaloalvorada.com.br\/site\/wp-json\/wp\/v2\/tags?post=4595"}],"curies":[{"name":"wp","href":"https:\/\/api.w.org\/{rel}","templated":true}]}}