{"id":4582,"date":"2024-01-19T13:40:35","date_gmt":"2024-01-19T17:40:35","guid":{"rendered":"https:\/\/jornaloalvorada.com.br\/site\/?p=4582"},"modified":"2024-01-19T13:40:38","modified_gmt":"2024-01-19T17:40:38","slug":"alunos-da-rede-estadual-de-ensino-vao-estrear-novo-uniforme-em-2024","status":"publish","type":"post","link":"https:\/\/jornaloalvorada.com.br\/site\/2024\/01\/19\/alunos-da-rede-estadual-de-ensino-vao-estrear-novo-uniforme-em-2024\/","title":{"rendered":"Alunos da Rede Estadual de Ensino v\u00e3o estrear novo uniforme em 2024"},"content":{"rendered":"\n<p>Os estudantes da Rede Estadual de Ensino (REE) de Mato Grosso do Sul ter\u00e3o uma novidade no ano letivo de 2024: os novos uniformes escolares, na cor azul. Al\u00e9m disso, os servidores administrativos das escolas estaduais tamb\u00e9m receber\u00e3o o uniforme pela primeira vez no Estado. Os alunos do Ensino Fundamental ter\u00e3o ainda uma bermuda como parte do kit.<\/p>\n\n\n\n<p>Os novos uniformes ser\u00e3o entregues aos estudantes no in\u00edcio das aulas, que est\u00e1 previsto para o dia 21 de fevereiro. Os uniformes antigos, na cor verde, poder\u00e3o ser usados normalmente pelos alunos que j\u00e1 os possuem. Cada estudante receber\u00e1 duas camisetas com a nova cor.<\/p>\n\n\n\n<h2 class=\"wp-block-heading\"><em>Matr\u00edculas<\/em><\/h2>\n\n\n\n<p>Para garantir uma vaga na REE, os interessados podem se matricular de diversas formas: presencialmente na Central de Matr\u00edculas em Campo Grande, localizada na Rua Joaquim Murtinho n. 2612, no Jardim Itanhang\u00e1 Park; pelo site da matr\u00edcula digital www.matriculadigital.ms.gov.br; pelo telefone fixo 0800 647 0028; pelo celular 3314-1212; ou em qualquer escola estadual pr\u00f3xima \u00e0 resid\u00eancia do aluno.<\/p>\n\n\n\n<h2 class=\"wp-block-heading\"><em><strong>Calend\u00e1rio Escolar<\/strong><\/em><\/h2>\n\n\n\n<p>O calend\u00e1rio escolar de 2024 foi divulgado pela Secretaria Estadual de Educa\u00e7\u00e3o (SED) e prev\u00ea o t\u00e9rmino das aulas no dia 13 de dezembro. O recesso escolar acontecer\u00e1 entre os dias 17 e 31 de julho. As atividades para professores e demais funcion\u00e1rios das escolas come\u00e7ar\u00e3o no dia 1\u00b0 de fevereiro, nas 348 unidades escolares e centros da REE, dos 79 munic\u00edpios de Mato Grosso do Sul. A forma\u00e7\u00e3o continuada voltada para a prepara\u00e7\u00e3o das equipes escolares acontecer\u00e1 entre 08 a 20 de fevereiro de 2024. O t\u00e9rmino do ano escolar est\u00e1 previsto para o dia 20 de dezembro de 2023.<\/p>\n\n\n\n<p>A REE conta com 349 escolas em todos os 79 munic\u00edpios de Mato Grosso do Sul, e at\u00e9 dezembro de 2023 tinha 17 mil professores (entre convocados e efetivos), 6 mil funcion\u00e1rios administrativos e 185 mil estudantes.<\/p>\n\n\n\n<p><strong><em>Fonte: Folha de MS<\/em><\/strong><\/p>\n","protected":false},"excerpt":{"rendered":"<p>Os estudantes da Rede Estadual de Ensino (REE) de Mato Grosso do Sul ter\u00e3o uma novidade no ano letivo de<\/p>\n","protected":false},"author":1,"featured_media":4583,"comment_status":"open","ping_status":"open","sticky":false,"template":"","format":"standard","meta":{"footnotes":""},"categories":[2],"tags":[],"class_list":["post-4582","post","type-post","status-publish","format-standard","has-post-thumbnail","hentry","category-noticias"],"_links":{"self":[{"href":"https:\/\/jornaloalvorada.com.br\/site\/wp-json\/wp\/v2\/posts\/4582","targetHints":{"allow":["GET"]}}],"collection":[{"href":"https:\/\/jornaloalvorada.com.br\/site\/wp-json\/wp\/v2\/posts"}],"about":[{"href":"https:\/\/jornaloalvorada.com.br\/site\/wp-json\/wp\/v2\/types\/post"}],"author":[{"embeddable":true,"href":"https:\/\/jornaloalvorada.com.br\/site\/wp-json\/wp\/v2\/users\/1"}],"replies":[{"embeddable":true,"href":"https:\/\/jornaloalvorada.com.br\/site\/wp-json\/wp\/v2\/comments?post=4582"}],"version-history":[{"count":1,"href":"https:\/\/jornaloalvorada.com.br\/site\/wp-json\/wp\/v2\/posts\/4582\/revisions"}],"predecessor-version":[{"id":4584,"href":"https:\/\/jornaloalvorada.com.br\/site\/wp-json\/wp\/v2\/posts\/4582\/revisions\/4584"}],"wp:featuredmedia":[{"embeddable":true,"href":"https:\/\/jornaloalvorada.com.br\/site\/wp-json\/wp\/v2\/media\/4583"}],"wp:attachment":[{"href":"https:\/\/jornaloalvorada.com.br\/site\/wp-json\/wp\/v2\/media?parent=4582"}],"wp:term":[{"taxonomy":"category","embeddable":true,"href":"https:\/\/jornaloalvorada.com.br\/site\/wp-json\/wp\/v2\/categories?post=4582"},{"taxonomy":"post_tag","embeddable":true,"href":"https:\/\/jornaloalvorada.com.br\/site\/wp-json\/wp\/v2\/tags?post=4582"}],"curies":[{"name":"wp","href":"https:\/\/api.w.org\/{rel}","templated":true}]}}