{"id":4575,"date":"2024-01-19T09:21:20","date_gmt":"2024-01-19T13:21:20","guid":{"rendered":"https:\/\/jornaloalvorada.com.br\/site\/?p=4575"},"modified":"2024-01-19T09:21:23","modified_gmt":"2024-01-19T13:21:23","slug":"fim-de-semana-em-bonito-tera-festival-de-praia-com-campeonato-e-oficinas-de-esportes-na-areia","status":"publish","type":"post","link":"https:\/\/jornaloalvorada.com.br\/site\/2024\/01\/19\/fim-de-semana-em-bonito-tera-festival-de-praia-com-campeonato-e-oficinas-de-esportes-na-areia\/","title":{"rendered":"Fim de semana em Bonito ter\u00e1 Festival de Praia com campeonato e oficinas de esportes na areia"},"content":{"rendered":"\n<p><div id=\"single\"><div class=\"container\"><div class=\"row\"><div class=\"col-12  col-lg-8\"><div class=\"post-462672 post type-post status-publish format-standard has-post-thumbnail hentry category-esporte tag-destaque1\" id=\"post-462672\"><div class=\"entry\"><p dir=\"ltr\">Com objetivo de oferecer mais lazer e  esporte para os moradores de Bonito e regi\u00e3o, neste s\u00e1bado (20) e  domingo (21) acontecer\u00e1 o Festival de Praia no balne\u00e1rio municipal de  Bonito. A a\u00e7\u00e3o \u00e9 da Fundesporte (Funda\u00e7\u00e3o de Desporto e Lazer), ligada \u00e0  Setesc (Secretaria de Estado de Turismo, Esporte e Cultura).<\/p> <p dir=\"ltr\">Depois de passar por Coxim, Anauril\u00e2ndia e Sonora, o  Festival de Praia agora vai levar suas atividades de esporte e lazer  para a cidade de Bonito. O Festival de Praia \u00e9 gratuito e aberto ao  p\u00fablico.<\/p> <p dir=\"ltr\"><strong>Campeonato<\/strong><\/p> <p dir=\"ltr\">O campeonato contempla as seguintes modalidades: beach  tennis, beach hand e futev\u00f4lei, cada modalidade tem suas pr\u00f3prias  categorias. O beach hand tem categoria livre, beach tennis tem as  categorias, feminino intermedi\u00e1rio e mista open. J\u00e1 o futev\u00f4lei  contempla, amador A, amador B e futev\u00f4lei feminino.<\/p> <p dir=\"ltr\">As federa\u00e7\u00f5es de cada modalidade ficam respons\u00e1veis pelas premia\u00e7\u00f5es que variam de acordo com as modalidades e categorias.<\/p> <p dir=\"ltr\"><strong>Oficinas\u00a0<\/strong><\/p> <p dir=\"ltr\">Nos dois dias ser\u00e3o oferecidas oficinas gratuitas das  modalidades, que s\u00e3o ministradas pelos \u00e1rbitros das mesmas. Assim quem  n\u00e3o conseguir participar do campeonato pode participar das oficinas e  aprender melhor como funciona cada modalidade. Quem participar das  oficinas \u00e9 presenteado com uma camiseta.\u00a0<\/p> <p dir=\"ltr\"><strong>Atividades de Lazer<\/strong><\/p> <p dir=\"ltr\">Na ocasi\u00e3o \u00e9 oferecida uma barraca com atividades de  lazer\u00a0brinquedos infl\u00e1veis (tobog\u00e3 e chute a gol), oficina de pintura  facial e maquiagem infantil, desenhos para pintura, jogos de mesa  (damas, domin\u00f3, boz\u00f3, baralho), corrida kids, chapeleiro para tirar  fotos e muito mais.\u00a0<\/p> <p dir=\"ltr\">\u00c9 um evento que toda a comunidade participa, muito  interessante para crian\u00e7as, jovens e adultos. O Festival de Praia tem o  objetivo de reunir toda a fam\u00edlia.\u00a0De acordo com o diretor-presidente da  Fundesporte, Herculano Borges, no Festival de Praia s\u00e3o oferecidas  muitas op\u00e7\u00f5es de atividades, o que permite que as pessoas tenham um dia  completo de lazer.<\/p> <p dir=\"ltr\">\u201cA Fundesporte tem v\u00e1rios programas que seguem o objetivo  de produzir atividades intergeracionais, ou seja, oferecer atividades  que beneficiam desde os av\u00f3s, at\u00e9 pais e crian\u00e7as. Um fato que tem  chamado a aten\u00e7\u00e3o no interior \u00e9 a grande participa\u00e7\u00e3o de adolescentes  nos jogos de mesa como dama, boz\u00f3 e o baralho\u201d, frisa Herculano.\u00a0<\/p> <p dir=\"ltr\">O evento \u00e9 feito em parceria com as federa\u00e7\u00f5es estaduais de  t\u00eanis, handebol e futev\u00f4lei, que fornecem a estrutura, al\u00e9m das  prefeituras municipais.\u00a0<\/p> <p dir=\"ltr\"><strong>Cronograma<\/strong><\/p> <p dir=\"ltr\"><span style=\"text-decoration: underline;\">S\u00e1bado\u00a0 <\/span>8h \u00e0s 11h\u00a0 14h \u00e0s 17h<\/p> <p dir=\"ltr\"><span style=\"text-decoration: underline;\">Domingo <\/span>8h \u00e0s 11h\u00a0 14h \u00e0s 17h<\/p> <p dir=\"ltr\"><em>Bel Manvailer, Comunica\u00e7\u00e3o Fundesporte<\/em> <em>Foto: Divulga\u00e7\u00e3o<\/em><\/p> <\/div><\/div><\/div><\/div><\/div><\/div><\/p>\n","protected":false},"excerpt":{"rendered":"<p>Com objetivo de oferecer mais lazer e esporte para os moradores de Bonito e regi\u00e3o, neste s\u00e1bado (20) e domingo<\/p>\n","protected":false},"author":1,"featured_media":4577,"comment_status":"open","ping_status":"open","sticky":false,"template":"","format":"standard","meta":{"footnotes":""},"categories":[2],"tags":[],"class_list":["post-4575","post","type-post","status-publish","format-standard","has-post-thumbnail","hentry","category-noticias"],"_links":{"self":[{"href":"https:\/\/jornaloalvorada.com.br\/site\/wp-json\/wp\/v2\/posts\/4575","targetHints":{"allow":["GET"]}}],"collection":[{"href":"https:\/\/jornaloalvorada.com.br\/site\/wp-json\/wp\/v2\/posts"}],"about":[{"href":"https:\/\/jornaloalvorada.com.br\/site\/wp-json\/wp\/v2\/types\/post"}],"author":[{"embeddable":true,"href":"https:\/\/jornaloalvorada.com.br\/site\/wp-json\/wp\/v2\/users\/1"}],"replies":[{"embeddable":true,"href":"https:\/\/jornaloalvorada.com.br\/site\/wp-json\/wp\/v2\/comments?post=4575"}],"version-history":[{"count":1,"href":"https:\/\/jornaloalvorada.com.br\/site\/wp-json\/wp\/v2\/posts\/4575\/revisions"}],"predecessor-version":[{"id":4578,"href":"https:\/\/jornaloalvorada.com.br\/site\/wp-json\/wp\/v2\/posts\/4575\/revisions\/4578"}],"wp:featuredmedia":[{"embeddable":true,"href":"https:\/\/jornaloalvorada.com.br\/site\/wp-json\/wp\/v2\/media\/4577"}],"wp:attachment":[{"href":"https:\/\/jornaloalvorada.com.br\/site\/wp-json\/wp\/v2\/media?parent=4575"}],"wp:term":[{"taxonomy":"category","embeddable":true,"href":"https:\/\/jornaloalvorada.com.br\/site\/wp-json\/wp\/v2\/categories?post=4575"},{"taxonomy":"post_tag","embeddable":true,"href":"https:\/\/jornaloalvorada.com.br\/site\/wp-json\/wp\/v2\/tags?post=4575"}],"curies":[{"name":"wp","href":"https:\/\/api.w.org\/{rel}","templated":true}]}}