{"id":4572,"date":"2024-01-19T09:20:13","date_gmt":"2024-01-19T13:20:13","guid":{"rendered":"https:\/\/jornaloalvorada.com.br\/site\/?p=4572"},"modified":"2024-01-19T09:20:17","modified_gmt":"2024-01-19T13:20:17","slug":"com-tavares-de-garoto-propaganda-pl-anuncia-vinda-do-casal-bolsonaro-a-ms","status":"publish","type":"post","link":"https:\/\/jornaloalvorada.com.br\/site\/2024\/01\/19\/com-tavares-de-garoto-propaganda-pl-anuncia-vinda-do-casal-bolsonaro-a-ms\/","title":{"rendered":"Com Tavares de garoto-propaganda, PL anuncia vinda do casal Bolsonaro a MS"},"content":{"rendered":"\n<p>O presidente regional do PL, o deputado federal Marcos Pollon, anunciou a vinda do ex-presidente Jair Bolsonaro a Mato Grosso do Sul para evento de filia\u00e7\u00e3o de olho nas elei\u00e7\u00f5es municipais deste ano. Quem abre a chamada, por\u00e9m, \u00e9 o deputado estadual Rafael Tavares, do PRTB, que ajudou a dire\u00e7\u00e3o do PL ao divulgar a informa\u00e7\u00e3o em suas redes sociais.<\/p>\n\n\n\n<p>\u201cLogo, logo, o presidente Bolsonaro e dona Michelle v\u00e3o estar em Mato Grosso do Sul. Ent\u00e3o se preparem para o maior evento de filia\u00e7\u00e3o partid\u00e1ria da hist\u00f3ria do Estado\u201d, declarou Pollon em v\u00eddeo divulgado nesta quinta-feira (18).<\/p>\n\n\n\n<p>A agenda oficial, com a data e os locais que Bolsonaro vai visitar, n\u00e3o est\u00e1 definida. No entanto, Tavares adiantou que a expectativa \u00e9 de que o ex-presidente venha no pr\u00f3ximo m\u00eas de fevereiro, \u201cprovavelmente dia 24\u201d.<\/p>\n\n\n\n<p>Apesar do destaque no an\u00fancio da vinda do ex-chefe do Planalto, Rafael Tavares diz que ainda n\u00e3o pode deixar o PRTB por risco de perder sua cadeira na Assembleia Legislativa. \u201cPreciso de uma autoriza\u00e7\u00e3o da nacional pra sair sem perder o mandato\u201d, explica.<\/p>\n\n\n\n<p>Em outubro de 2023, Bolsonaro afirmou que seu partido, o PL, ter\u00e1 candidato nas elei\u00e7\u00f5es pela Prefeitura de Campo Grande em 2024 e tem conversado com o ex-deputado estadual Capit\u00e3o Contar sobre a possibilidade de se juntar \u00e0 legenda e ser seu representante no pleito da Capital.<\/p>\n\n\n\n<p>Tavares tamb\u00e9m foi convidado pelo ex-presidente a se juntar ao PL.<\/p>\n\n\n\n<p><strong><em>Fonte: O Jacar\u00e9<\/em><\/strong><\/p>\n","protected":false},"excerpt":{"rendered":"<p>O presidente regional do PL, o deputado federal Marcos Pollon, anunciou a vinda do ex-presidente Jair Bolsonaro a Mato Grosso<\/p>\n","protected":false},"author":1,"featured_media":4573,"comment_status":"open","ping_status":"open","sticky":false,"template":"","format":"standard","meta":{"footnotes":""},"categories":[2],"tags":[],"class_list":["post-4572","post","type-post","status-publish","format-standard","has-post-thumbnail","hentry","category-noticias"],"_links":{"self":[{"href":"https:\/\/jornaloalvorada.com.br\/site\/wp-json\/wp\/v2\/posts\/4572","targetHints":{"allow":["GET"]}}],"collection":[{"href":"https:\/\/jornaloalvorada.com.br\/site\/wp-json\/wp\/v2\/posts"}],"about":[{"href":"https:\/\/jornaloalvorada.com.br\/site\/wp-json\/wp\/v2\/types\/post"}],"author":[{"embeddable":true,"href":"https:\/\/jornaloalvorada.com.br\/site\/wp-json\/wp\/v2\/users\/1"}],"replies":[{"embeddable":true,"href":"https:\/\/jornaloalvorada.com.br\/site\/wp-json\/wp\/v2\/comments?post=4572"}],"version-history":[{"count":1,"href":"https:\/\/jornaloalvorada.com.br\/site\/wp-json\/wp\/v2\/posts\/4572\/revisions"}],"predecessor-version":[{"id":4574,"href":"https:\/\/jornaloalvorada.com.br\/site\/wp-json\/wp\/v2\/posts\/4572\/revisions\/4574"}],"wp:featuredmedia":[{"embeddable":true,"href":"https:\/\/jornaloalvorada.com.br\/site\/wp-json\/wp\/v2\/media\/4573"}],"wp:attachment":[{"href":"https:\/\/jornaloalvorada.com.br\/site\/wp-json\/wp\/v2\/media?parent=4572"}],"wp:term":[{"taxonomy":"category","embeddable":true,"href":"https:\/\/jornaloalvorada.com.br\/site\/wp-json\/wp\/v2\/categories?post=4572"},{"taxonomy":"post_tag","embeddable":true,"href":"https:\/\/jornaloalvorada.com.br\/site\/wp-json\/wp\/v2\/tags?post=4572"}],"curies":[{"name":"wp","href":"https:\/\/api.w.org\/{rel}","templated":true}]}}