{"id":4564,"date":"2024-01-18T18:06:00","date_gmt":"2024-01-18T22:06:00","guid":{"rendered":"https:\/\/jornaloalvorada.com.br\/site\/?p=4564"},"modified":"2024-01-18T23:07:20","modified_gmt":"2024-01-19T03:07:20","slug":"prefeito-jose-paleari-recebe-em-seu-gabinete-marcelo-feitas","status":"publish","type":"post","link":"https:\/\/jornaloalvorada.com.br\/site\/2024\/01\/18\/prefeito-jose-paleari-recebe-em-seu-gabinete-marcelo-feitas\/","title":{"rendered":"Prefeito Jos\u00e9 Paleari recebe em seu gabinete Marcelo Feitas"},"content":{"rendered":"\n<p>&#8220;Recebendo no gabinete o nosso parceiro Marcelo Freitas. As portas do nosso gabinete sempre estar\u00e3o abertas para a nossa gente. Sempre ouvimos as demandas e as sugest\u00f5es para tornar Nova Alvorada do Sul, cada vez melhor para todos&#8221;. Diz prefeito Jos\u00e9 Paulo Paleari.<\/p>\n","protected":false},"excerpt":{"rendered":"<p>&#8220;Recebendo no gabinete o nosso parceiro Marcelo Freitas. As portas do nosso gabinete sempre estar\u00e3o abertas para a nossa gente.<\/p>\n","protected":false},"author":1,"featured_media":4565,"comment_status":"open","ping_status":"open","sticky":false,"template":"","format":"standard","meta":{"footnotes":""},"categories":[2],"tags":[],"class_list":["post-4564","post","type-post","status-publish","format-standard","has-post-thumbnail","hentry","category-noticias"],"_links":{"self":[{"href":"https:\/\/jornaloalvorada.com.br\/site\/wp-json\/wp\/v2\/posts\/4564","targetHints":{"allow":["GET"]}}],"collection":[{"href":"https:\/\/jornaloalvorada.com.br\/site\/wp-json\/wp\/v2\/posts"}],"about":[{"href":"https:\/\/jornaloalvorada.com.br\/site\/wp-json\/wp\/v2\/types\/post"}],"author":[{"embeddable":true,"href":"https:\/\/jornaloalvorada.com.br\/site\/wp-json\/wp\/v2\/users\/1"}],"replies":[{"embeddable":true,"href":"https:\/\/jornaloalvorada.com.br\/site\/wp-json\/wp\/v2\/comments?post=4564"}],"version-history":[{"count":2,"href":"https:\/\/jornaloalvorada.com.br\/site\/wp-json\/wp\/v2\/posts\/4564\/revisions"}],"predecessor-version":[{"id":4567,"href":"https:\/\/jornaloalvorada.com.br\/site\/wp-json\/wp\/v2\/posts\/4564\/revisions\/4567"}],"wp:featuredmedia":[{"embeddable":true,"href":"https:\/\/jornaloalvorada.com.br\/site\/wp-json\/wp\/v2\/media\/4565"}],"wp:attachment":[{"href":"https:\/\/jornaloalvorada.com.br\/site\/wp-json\/wp\/v2\/media?parent=4564"}],"wp:term":[{"taxonomy":"category","embeddable":true,"href":"https:\/\/jornaloalvorada.com.br\/site\/wp-json\/wp\/v2\/categories?post=4564"},{"taxonomy":"post_tag","embeddable":true,"href":"https:\/\/jornaloalvorada.com.br\/site\/wp-json\/wp\/v2\/tags?post=4564"}],"curies":[{"name":"wp","href":"https:\/\/api.w.org\/{rel}","templated":true}]}}