{"id":4557,"date":"2024-01-18T11:28:56","date_gmt":"2024-01-18T15:28:56","guid":{"rendered":"https:\/\/jornaloalvorada.com.br\/site\/?p=4557"},"modified":"2024-01-18T11:28:59","modified_gmt":"2024-01-18T15:28:59","slug":"papa-polemiza-novamente-e-insinua-que-inferno-nao-existe","status":"publish","type":"post","link":"https:\/\/jornaloalvorada.com.br\/site\/2024\/01\/18\/papa-polemiza-novamente-e-insinua-que-inferno-nao-existe\/","title":{"rendered":"Papa polemiza novamente e insinua que inferno n\u00e3o existe"},"content":{"rendered":"\n<p><div class=\"container\" dir=\"ltr\" lang=\"pt-BR\"><div class=\"content\">         <div class=\"moz-reader-content reader-show-element\"><div id=\"readability-page-1\" class=\"page\"><div> <p>Papa Francisco disse que \u201cgosta de pensar que o inferno est\u00e1 vazio\u201d.  Esta fala aconteceu ontem (14), durante uma entrevista ao programa de  televis\u00e3o italiano Che tempo che fa. \u201cIsto n\u00e3o \u00e9 um dogma de f\u00e9. Isto  que direi \u00e9 uma coisa pessoal: gosto de pensar que o inferno est\u00e1  vazio\u201d, declarou Francisco. <\/p> <p>\u201c\u00c9 um desejo que espero que se torne realidade, mas \u00e9 um desejo\u201d,  completou o papa. O papa comentava que, em suas ora\u00e7\u00f5es, usa imagens do  Evangelho, pensando em Deus como o Pai misericordioso que acolhe o filho  pr\u00f3digo que desperdi\u00e7ou sua fortuna e andou por caminhos errados sem  nem mesmo deixa-lo falar. <\/p> <p>\u201cGosto de pensar no Senhor com este abra\u00e7o, quando vou dizer-lhe: mas  eu falhei nisto. Gosto de pensar Nele, com a m\u00e3o assim e que me diz:  \u2018mas continua, continua, continua\u2019. O Senhor que nos encoraja a ir em  frente, que n\u00e3o se escandaliza com os nossos pecados, porque \u00e9 Pai e  acompanha-nos\u201d, prosseguiu. \u201cO \u2018problema\u2019 \u00e9 Dele: se acompanho o pecador  ou se o envio diretamente para o inferno. E Ele escolhe acompanhar-nos.  E \u00e9 por isso que enviou o seu Filho, para nos acompanhar (\u2026) enviou o  seu Filho ao mundo n\u00e3o para o condenar, mas para o salvar\u201d, disse o papa  Francisco. <\/p> <p>O catecismo da Igreja Cat\u00f3lica diz, no n\u00famero 1.035: <\/p> <p>\u201cA doutrina da Igreja afirma a exist\u00eancia do Inferno e a sua  eternidade. As almas dos que morrem em estado de pecado mortal descem  imediatamente, ap\u00f3s a morte, aos infernos, onde sofrem as penas do  Inferno, \u00abo fogo eterno\u00bb. A principal pena do inferno consiste na  separa\u00e7\u00e3o eterna de Deus, o \u00fanico em Quem o homem pode ter a vida e a  felicidade para que foi criado e a que aspira\u201d. <\/p> <h2>Papa Francisco e o inferno <\/h2> <p>Em mar\u00e7o de 2014, ele exortou os homens e mulheres que fazem parte da  m\u00e1fia na It\u00e1lia a converterem-se, para n\u00e3o irem parar no inferno.  \u201cConvertei-vos: ainda \u00e9 tempo de n\u00e3o irdes parar o inferno. \u00c9 isto que  vos espera se continuardes neste caminho. Tiveste um pai e uma m\u00e3e:  pensa neles. Chora um pouco e converte-te\u201d, exortou o papa. Em junho  deste mesmo ano, Francisco tamb\u00e9m advertiu os corruptos a se  converterem, porque se n\u00e3o o fizerem, ser\u00e3o \u201cos c\u00e3es do inferno que  beber\u00e3o seu sangue\u201d. Em mar\u00e7o de 2015, o papa encontrou-se com um grupo  de crian\u00e7as e jovens e explicou o que \u00e9 o inferno e quem vai para o  inferno. \u201cNingu\u00e9m te manda para o inferno: se fores, \u00e9 porque o  escolheste. O inferno \u00e9 querer afastar-se de Deus porque n\u00e3o quero o  amor de Deus. O dem\u00f4nio \u00e9 o inferno porque ele quis isso: nunca mais ter  uma rela\u00e7\u00e3o com Deus\u201d, disse. <\/p> <p>\u201cS\u00f3 vai para o inferno aquele que diz a Deus: \u2018N\u00e3o preciso de ti,  consigo desenrascar-me sozinho\u2019, como fez o diabo, e esse \u00e9 o \u00fanico que  temos a certeza que est\u00e1 no inferno\u201d, acrescentou. Em junho de 2022, em  uma audi\u00eancia com um grupo de religiosos, Francisco disse: \u201cMuitas  vezes, digo-o com amargura \u2013 falo em geral, n\u00e3o de v\u00f3s, porque n\u00e3o vos  conhe\u00e7o \u2013 constatamos que algumas comunidades religiosas s\u00e3o um  verdadeiro inferno, um inferno de ci\u00fames, de lutas pelo poder. E onde  est\u00e1 o amor?<\/p> <p>Com informa\u00e7\u00f5es de Acidigital<\/p> <\/div><\/div><\/div>       <\/div><\/div><\/p>\n","protected":false},"excerpt":{"rendered":"<p>Papa Francisco disse que \u201cgosta de pensar que o inferno est\u00e1 vazio\u201d. Esta fala aconteceu ontem (14), durante uma entrevista<\/p>\n","protected":false},"author":1,"featured_media":4558,"comment_status":"open","ping_status":"open","sticky":false,"template":"","format":"standard","meta":{"footnotes":""},"categories":[2],"tags":[],"class_list":["post-4557","post","type-post","status-publish","format-standard","has-post-thumbnail","hentry","category-noticias"],"_links":{"self":[{"href":"https:\/\/jornaloalvorada.com.br\/site\/wp-json\/wp\/v2\/posts\/4557","targetHints":{"allow":["GET"]}}],"collection":[{"href":"https:\/\/jornaloalvorada.com.br\/site\/wp-json\/wp\/v2\/posts"}],"about":[{"href":"https:\/\/jornaloalvorada.com.br\/site\/wp-json\/wp\/v2\/types\/post"}],"author":[{"embeddable":true,"href":"https:\/\/jornaloalvorada.com.br\/site\/wp-json\/wp\/v2\/users\/1"}],"replies":[{"embeddable":true,"href":"https:\/\/jornaloalvorada.com.br\/site\/wp-json\/wp\/v2\/comments?post=4557"}],"version-history":[{"count":1,"href":"https:\/\/jornaloalvorada.com.br\/site\/wp-json\/wp\/v2\/posts\/4557\/revisions"}],"predecessor-version":[{"id":4559,"href":"https:\/\/jornaloalvorada.com.br\/site\/wp-json\/wp\/v2\/posts\/4557\/revisions\/4559"}],"wp:featuredmedia":[{"embeddable":true,"href":"https:\/\/jornaloalvorada.com.br\/site\/wp-json\/wp\/v2\/media\/4558"}],"wp:attachment":[{"href":"https:\/\/jornaloalvorada.com.br\/site\/wp-json\/wp\/v2\/media?parent=4557"}],"wp:term":[{"taxonomy":"category","embeddable":true,"href":"https:\/\/jornaloalvorada.com.br\/site\/wp-json\/wp\/v2\/categories?post=4557"},{"taxonomy":"post_tag","embeddable":true,"href":"https:\/\/jornaloalvorada.com.br\/site\/wp-json\/wp\/v2\/tags?post=4557"}],"curies":[{"name":"wp","href":"https:\/\/api.w.org\/{rel}","templated":true}]}}