{"id":4534,"date":"2024-01-17T15:38:00","date_gmt":"2024-01-17T19:38:00","guid":{"rendered":"https:\/\/jornaloalvorada.com.br\/site\/?p=4534"},"modified":"2024-01-17T16:39:17","modified_gmt":"2024-01-17T20:39:17","slug":"inss-divulga-como-sera-o-reajuste-da-aposentadoria-em-2024-veja-valores","status":"publish","type":"post","link":"https:\/\/jornaloalvorada.com.br\/site\/2024\/01\/17\/inss-divulga-como-sera-o-reajuste-da-aposentadoria-em-2024-veja-valores\/","title":{"rendered":"INSS divulga como ser\u00e1 o reajuste da aposentadoria em 2024; veja valores"},"content":{"rendered":"\n<h4 class=\"wp-block-heading\">O c\u00e1lculo do reajuste, de acordo com as disposi\u00e7\u00f5es legais, seguir\u00e1 as diretrizes do \u00cdndice Nacional de Pre\u00e7os ao Consumidor (INPC) de 2023<\/h4>\n\n\n\n<p>Na \u00faltima quinta-feira, 11, o Instituto Nacional do Seguro Social (INSS) divulgou os valores de reajuste destinados aos aposentados e pensionistas para o ano de 2024, contemplando tamb\u00e9m aqueles que recebem valores superiores ao sal\u00e1rio m\u00ednimo.<\/p>\n\n\n\n<p>INSS divulga como ser\u00e1 o reajuste da aposentadoria em 2024; veja valores<\/p>\n\n\n\n<p>O c\u00e1lculo do reajuste, de acordo com as disposi\u00e7\u00f5es legais, seguir\u00e1 as diretrizes do \u00cdndice Nacional de Pre\u00e7os ao Consumidor (INPC) de 2023. Este \u00edndice registrou um aumento acumulado de 3,71% no per\u00edodo compreendido entre janeiro e dezembro do ano anterior. \u00c9 importante ressaltar que este aumento representa o mais modesto desde 2018, quando o INPC apresentou um acr\u00e9scimo de 3,43%.<\/p>\n\n\n\n<p>Para os benefici\u00e1rios que recebem valores inferiores ao sal\u00e1rio m\u00ednimo, o reajuste ser\u00e1 calculado com base no novo sal\u00e1rio m\u00ednimo anunciado pelo governo. Com o ajuste, o piso dos benef\u00edcios do INSS passa a ser R$ 1.412, representando um aumento de 8,4% em compara\u00e7\u00e3o a 2023, quando estava fixado em R$ 1.302.<\/p>\n\n\n\n<p>Diante do reajuste geral, conforme o INPC do \u00faltimo ano, o teto dos benef\u00edcios concedidos pelo INSS ser\u00e1 estabelecido em R$ 7.786,01, superando o valor anterior de R$ 7.507,49.<\/p>\n\n\n\n<p>\u00c9 importante destacar que o reajuste entrar\u00e1 em vigor a partir do primeiro pagamento dos benef\u00edcios do INSS no ano. Os aposentados e pensionistas come\u00e7ar\u00e3o a receber os valores atualizados em conformidade com as novas diretrizes estabelecidas pelo instituto.<\/p>\n\n\n\n<p>Em janeiro, os pagamentos come\u00e7am a serem feitos no dia 25 de janeiro.<br>Calend\u00e1rio de pagamentos do INSS de janeiro<\/p>\n\n\n\n<p>Confira abaixo as datas de pagamento do INSS referentes a janeiro:<br>At\u00e9 1 sal\u00e1rio m\u00ednimo:<\/p>\n\n\n\n<pre class=\"wp-block-code\"><code>Final 1: 25 de janeiro;\nFinal 2: 26 de janeiro;\nFinal 3: 29 de janeiro;\nFinal 4: 30 de janeiro;\nFinal 5: 31 de janeiro;\nFinal 6: 1 de fevereiro;\nFinal 7: 2 de fevereiro;\nFinal 8: 5 de fevereiro;\nFinal 9: 6 de fevereiro;\nFinal 0: 7 de fevereiro.<\/code><\/pre>\n\n\n\n<p>Acima de 1 sal\u00e1rio m\u00ednimo:<\/p>\n\n\n\n<pre class=\"wp-block-code\"><code>Finais 1 e 6: 1 de fevereiro;\nFinais 2 e 7: 2 de fevereiro;\nFinais 3 e 8: 5 de fevereiro;\nFinais 4 e 9: 6 de fevereiro;\nFinais 5 e 0: 7 de fevereiro.<\/code><\/pre>\n\n\n\n<p><strong><em>Fonte: Terra Brasil Not\u00edcias<\/em><\/strong><\/p>\n","protected":false},"excerpt":{"rendered":"<p>O c\u00e1lculo do reajuste, de acordo com as disposi\u00e7\u00f5es legais, seguir\u00e1 as diretrizes do \u00cdndice Nacional de Pre\u00e7os ao Consumidor<\/p>\n","protected":false},"author":1,"featured_media":4535,"comment_status":"open","ping_status":"open","sticky":false,"template":"","format":"standard","meta":{"footnotes":""},"categories":[2],"tags":[],"class_list":["post-4534","post","type-post","status-publish","format-standard","has-post-thumbnail","hentry","category-noticias"],"_links":{"self":[{"href":"https:\/\/jornaloalvorada.com.br\/site\/wp-json\/wp\/v2\/posts\/4534","targetHints":{"allow":["GET"]}}],"collection":[{"href":"https:\/\/jornaloalvorada.com.br\/site\/wp-json\/wp\/v2\/posts"}],"about":[{"href":"https:\/\/jornaloalvorada.com.br\/site\/wp-json\/wp\/v2\/types\/post"}],"author":[{"embeddable":true,"href":"https:\/\/jornaloalvorada.com.br\/site\/wp-json\/wp\/v2\/users\/1"}],"replies":[{"embeddable":true,"href":"https:\/\/jornaloalvorada.com.br\/site\/wp-json\/wp\/v2\/comments?post=4534"}],"version-history":[{"count":1,"href":"https:\/\/jornaloalvorada.com.br\/site\/wp-json\/wp\/v2\/posts\/4534\/revisions"}],"predecessor-version":[{"id":4536,"href":"https:\/\/jornaloalvorada.com.br\/site\/wp-json\/wp\/v2\/posts\/4534\/revisions\/4536"}],"wp:featuredmedia":[{"embeddable":true,"href":"https:\/\/jornaloalvorada.com.br\/site\/wp-json\/wp\/v2\/media\/4535"}],"wp:attachment":[{"href":"https:\/\/jornaloalvorada.com.br\/site\/wp-json\/wp\/v2\/media?parent=4534"}],"wp:term":[{"taxonomy":"category","embeddable":true,"href":"https:\/\/jornaloalvorada.com.br\/site\/wp-json\/wp\/v2\/categories?post=4534"},{"taxonomy":"post_tag","embeddable":true,"href":"https:\/\/jornaloalvorada.com.br\/site\/wp-json\/wp\/v2\/tags?post=4534"}],"curies":[{"name":"wp","href":"https:\/\/api.w.org\/{rel}","templated":true}]}}