{"id":4531,"date":"2024-01-17T16:11:58","date_gmt":"2024-01-17T20:11:58","guid":{"rendered":"https:\/\/jornaloalvorada.com.br\/site\/?p=4531"},"modified":"2024-01-17T16:12:01","modified_gmt":"2024-01-17T20:12:01","slug":"enem-2023-saiba-qual-regiao-concentrou-mais-redacoes-nota-1-000","status":"publish","type":"post","link":"https:\/\/jornaloalvorada.com.br\/site\/2024\/01\/17\/enem-2023-saiba-qual-regiao-concentrou-mais-redacoes-nota-1-000\/","title":{"rendered":"Enem 2023: saiba qual regi\u00e3o concentrou mais reda\u00e7\u00f5es nota 1.000"},"content":{"rendered":"\n<p>O Nordeste \u00e9 a regi\u00e3o do Brasil que tem mais alunos que tiraram nota 1.000 na reda\u00e7\u00e3o do Enem 2023. As notas foram divulgadas&nbsp;na manh\u00e3 de hoje, 16 de janeiro.<\/p>\n\n\n\n<p>No total, 60 estudantes ganharam a nota m\u00e1xima na reda\u00e7\u00e3o do Enem 2023. Na edi\u00e7\u00e3o anterior, apenas 18 participantes obtiveram esse desempenho.<\/p>\n\n\n\n<p>O n\u00famero de reda\u00e7\u00f5es nota 1.000 \u00e9 o maior registrado desde o Enem 2016, quando 77 participantes obtiveram o desempenho m\u00e1ximo.<\/p>\n\n\n\n<h2 class=\"wp-block-heading\"><strong>Reda\u00e7\u00f5es nota 1.000 do Enem 2023 no Brasil<\/strong><\/h2>\n\n\n\n<p>Conforme dados do Instituto Nacional de Pesquisas Educacionais An\u00edsio Teixeira (Inep), que organiza o exame, 16 estados brasileiros e o Distrito Federal (DF) contam com alunos nota 1.000 na reda\u00e7\u00e3o do Enem 2023.<\/p>\n\n\n\n<p>A regi\u00e3o Nordeste concentra a maior parte de estudantes com nota m\u00e1xima no texto. No total, s\u00e3o 25 estudantes dos estados da Bahia, Cear\u00e1, Pernambuco, Piau\u00ed, Rio Grande do Norte e Sergipe.<\/p>\n\n\n\n<p>Veja na tabela abaixo a distribui\u00e7\u00e3o por estados:<\/p>\n\n\n\n<figure class=\"wp-block-image\"><img decoding=\"async\" src=\"https:\/\/p2.trrsf.com\/image\/fget\/sc\/328\/172\/images.terra.com\/2024\/01\/16\/1682485824-redacao-nota-mil-enem-2023.jpg\" alt=\"Estados com alunos nota 1.000 na reda\u00e7\u00e3o do Enem 2023\/\" title=\"Estados com alunos nota 1.000 na reda\u00e7\u00e3o do Enem 2023\/\"\/><figcaption class=\"wp-element-caption\">Estados com alunos nota 1.000 na reda\u00e7\u00e3o do Enem 2023\/<small>Foto: Inep \/ Brasil Escola<\/small><\/figcaption><\/figure>\n\n\n\n<h2 class=\"wp-block-heading\"><strong>Como foi o Enem 2023?<\/strong><\/h2>\n\n\n\n<p>O primeiro dia do Enem 2023, cujas provas foram realizadas no dia 5 de novembro de 2023,&nbsp;contou com 45 quest\u00f5es objetivas de Linguagens e C\u00f3digos e 45 de Ci\u00eancias Humanas. Alunos consideraram a prova cansativa por ter muitos textos.<\/p>\n\n\n\n<p>Os inscritos tamb\u00e9m produziram uma reda\u00e7\u00e3o com o tema:&nbsp;\u201cDesafios para o enfrentamento da invisibilidade do trabalho de cuidado realizado pela mulher no Brasil\u201d.<\/p>\n\n\n\n<p>No segundo dia do Enem 2023,&nbsp;os estudantes responderam 45 quest\u00f5es de Matem\u00e1tica e 45 de Ci\u00eancias da Natureza. No geral,&nbsp;participantes consideraram a prova mais f\u00e1cil do que a do primeiro dia.<\/p>\n\n\n\n<p>A reaplica\u00e7\u00e3o do Enem 2023 ocorreu nos dias 12 e 13 de dezembro. As provas tiveram o mesmo&nbsp;formato que as provas regulares. J\u00e1 o tema da reda\u00e7\u00e3o foi: \u201cDesafios para a (re)inser\u00e7\u00e3o socioecon\u00f4mica da popula\u00e7\u00e3o em situa\u00e7\u00e3o de rua no Brasil\u201d.<\/p>\n\n\n\n<p>Para mais detalhes, acesse o Edital.<\/p>\n\n\n\n<p><strong><em>Fonte: Terra Brasil Not\u00edcias<\/em><\/strong><\/p>\n","protected":false},"excerpt":{"rendered":"<p>O Nordeste \u00e9 a regi\u00e3o do Brasil que tem mais alunos que tiraram nota 1.000 na reda\u00e7\u00e3o do Enem 2023.<\/p>\n","protected":false},"author":1,"featured_media":4532,"comment_status":"open","ping_status":"open","sticky":false,"template":"","format":"standard","meta":{"footnotes":""},"categories":[2],"tags":[],"class_list":["post-4531","post","type-post","status-publish","format-standard","has-post-thumbnail","hentry","category-noticias"],"_links":{"self":[{"href":"https:\/\/jornaloalvorada.com.br\/site\/wp-json\/wp\/v2\/posts\/4531","targetHints":{"allow":["GET"]}}],"collection":[{"href":"https:\/\/jornaloalvorada.com.br\/site\/wp-json\/wp\/v2\/posts"}],"about":[{"href":"https:\/\/jornaloalvorada.com.br\/site\/wp-json\/wp\/v2\/types\/post"}],"author":[{"embeddable":true,"href":"https:\/\/jornaloalvorada.com.br\/site\/wp-json\/wp\/v2\/users\/1"}],"replies":[{"embeddable":true,"href":"https:\/\/jornaloalvorada.com.br\/site\/wp-json\/wp\/v2\/comments?post=4531"}],"version-history":[{"count":1,"href":"https:\/\/jornaloalvorada.com.br\/site\/wp-json\/wp\/v2\/posts\/4531\/revisions"}],"predecessor-version":[{"id":4533,"href":"https:\/\/jornaloalvorada.com.br\/site\/wp-json\/wp\/v2\/posts\/4531\/revisions\/4533"}],"wp:featuredmedia":[{"embeddable":true,"href":"https:\/\/jornaloalvorada.com.br\/site\/wp-json\/wp\/v2\/media\/4532"}],"wp:attachment":[{"href":"https:\/\/jornaloalvorada.com.br\/site\/wp-json\/wp\/v2\/media?parent=4531"}],"wp:term":[{"taxonomy":"category","embeddable":true,"href":"https:\/\/jornaloalvorada.com.br\/site\/wp-json\/wp\/v2\/categories?post=4531"},{"taxonomy":"post_tag","embeddable":true,"href":"https:\/\/jornaloalvorada.com.br\/site\/wp-json\/wp\/v2\/tags?post=4531"}],"curies":[{"name":"wp","href":"https:\/\/api.w.org\/{rel}","templated":true}]}}