{"id":4518,"date":"2024-01-16T08:52:47","date_gmt":"2024-01-16T12:52:47","guid":{"rendered":"https:\/\/jornaloalvorada.com.br\/site\/?p=4518"},"modified":"2024-01-16T09:05:38","modified_gmt":"2024-01-16T13:05:38","slug":"governo-do-rio-dara-r-3-000-para-familias-afetadas-pelas-chuvas","status":"publish","type":"post","link":"https:\/\/jornaloalvorada.com.br\/site\/2024\/01\/16\/governo-do-rio-dara-r-3-000-para-familias-afetadas-pelas-chuvas\/","title":{"rendered":"Governo do Rio dar\u00e1 R$ 3.000 para fam\u00edlias afetadas pelas chuvas"},"content":{"rendered":"\n<p>O governador do Rio de Janeiro, <a href=\"https:\/\/eleicoes.poder360.com.br\/candidato\/263060#2022\">Cl\u00e1udio Castro<\/a> (PL), disse que o governo ir\u00e1 dar \u00e0s fam\u00edlias atingidas pelas chuvas do final de semana um aux\u00edlio no valor de R$ 3.000. A informa\u00e7\u00e3o \u00e9 do jornal <em>Folha de S. Paulo.<\/em><\/p>\n\n\n\n<p>Segundo o governador, cerca de 30.000 fam\u00edlias devem ser beneficiadas. Para que elas recebam o aux\u00edlio \u2013que ser\u00e1 pago pelo \u201cCart\u00e3o Recome\u00e7ar\u201d\u2013, elas devem fazer seus cadastros nas prefeituras de suas cidades.<\/p>\n\n\n\n<p><em>\u201cN\u00e3o \u00e9 para trocar o que tem em casa. \u00c9 para as pessoas que realmente perderam o que tinham. Por isso \u00e9 uma elegibilidade um pouco mais dura, para que n\u00e3o vire um programa do estado dando utens\u00edlio novos para as pessoas\u201d<\/em>, disse Castro a jornalistas.<\/p>\n\n\n\n<p>Castro disse esperar que<em> \u201ctoda a parte burocr\u00e1tica\u201d<\/em> esteja pronta at\u00e9 6\u00aa feira (19.jan.2024) para que os cart\u00f5es e o aux\u00edlio estejam dispon\u00edveis a partir da pr\u00f3xima semana.<\/p>\n\n\n\n<h2 class=\"wp-block-heading\">CHUVAS NO RIO<\/h2>\n\n\n\n<p>Castro informou nesta 2\u00aa feira (15.jan) que subiu para 12 o n\u00famero de mortos pelas chuvas que atingiram o Estado no fim de semana. Os bombeiros seguem buscando uma pessoa desaparecida.<\/p>\n\n\n\n<p>Moradores de diversas cidades cariocas ainda enfrentam pontos de alagamento. Nas redes sociais, relataram que est\u00e3o com \u00e1gua na altura do peito nas regi\u00f5es de Duque de Caxias, na Baixada Fuminense.<\/p>\n\n\n\n<p>Mais cedo, o&nbsp;governo do presidente <a href=\"https:\/\/eleicoes.poder360.com.br\/candidato\/929674#2022\">Luiz In\u00e1cio Lula da Silva<\/a> (PT), por meio do Minist\u00e9rio da Integra\u00e7\u00e3o e do Desenvolvimento Regional, reconheceu situa\u00e7\u00e3o de emerg\u00eancia na cidade do Rio de Janeiro por conta das fortes chuvas.<\/p>\n\n\n\n<p>Com o reconhecimento da situa\u00e7\u00e3o de emerg\u00eancia, as prefeituras est\u00e3o aptas a solicitar recursos para a\u00e7\u00f5es de defesa civil. Al\u00e9m de socorro e assist\u00eancia \u00e0s v\u00edtimas, os repasses podem ser usados para restabelecimento de servi\u00e7os essenciais e reconstru\u00e7\u00e3o de infraestruturas ou moradias destru\u00eddas ou danificadas por desastres.<\/p>\n\n\n\n<p><strong><em>Fonte: Poder360<\/em><\/strong><\/p>\n","protected":false},"excerpt":{"rendered":"<p>O governador do Rio de Janeiro, Cl\u00e1udio Castro (PL), disse que o governo ir\u00e1 dar \u00e0s fam\u00edlias atingidas pelas chuvas<\/p>\n","protected":false},"author":1,"featured_media":4521,"comment_status":"open","ping_status":"open","sticky":false,"template":"","format":"standard","meta":{"footnotes":""},"categories":[2],"tags":[],"class_list":["post-4518","post","type-post","status-publish","format-standard","has-post-thumbnail","hentry","category-noticias"],"_links":{"self":[{"href":"https:\/\/jornaloalvorada.com.br\/site\/wp-json\/wp\/v2\/posts\/4518","targetHints":{"allow":["GET"]}}],"collection":[{"href":"https:\/\/jornaloalvorada.com.br\/site\/wp-json\/wp\/v2\/posts"}],"about":[{"href":"https:\/\/jornaloalvorada.com.br\/site\/wp-json\/wp\/v2\/types\/post"}],"author":[{"embeddable":true,"href":"https:\/\/jornaloalvorada.com.br\/site\/wp-json\/wp\/v2\/users\/1"}],"replies":[{"embeddable":true,"href":"https:\/\/jornaloalvorada.com.br\/site\/wp-json\/wp\/v2\/comments?post=4518"}],"version-history":[{"count":1,"href":"https:\/\/jornaloalvorada.com.br\/site\/wp-json\/wp\/v2\/posts\/4518\/revisions"}],"predecessor-version":[{"id":4520,"href":"https:\/\/jornaloalvorada.com.br\/site\/wp-json\/wp\/v2\/posts\/4518\/revisions\/4520"}],"wp:featuredmedia":[{"embeddable":true,"href":"https:\/\/jornaloalvorada.com.br\/site\/wp-json\/wp\/v2\/media\/4521"}],"wp:attachment":[{"href":"https:\/\/jornaloalvorada.com.br\/site\/wp-json\/wp\/v2\/media?parent=4518"}],"wp:term":[{"taxonomy":"category","embeddable":true,"href":"https:\/\/jornaloalvorada.com.br\/site\/wp-json\/wp\/v2\/categories?post=4518"},{"taxonomy":"post_tag","embeddable":true,"href":"https:\/\/jornaloalvorada.com.br\/site\/wp-json\/wp\/v2\/tags?post=4518"}],"curies":[{"name":"wp","href":"https:\/\/api.w.org\/{rel}","templated":true}]}}