{"id":4510,"date":"2024-01-16T08:27:36","date_gmt":"2024-01-16T12:27:36","guid":{"rendered":"https:\/\/jornaloalvorada.com.br\/site\/?p=4510"},"modified":"2024-01-16T08:27:38","modified_gmt":"2024-01-16T12:27:38","slug":"vacinacao-contra-dengue-vai-priorizar-faixa-etaria-de-6-a-16-anos","status":"publish","type":"post","link":"https:\/\/jornaloalvorada.com.br\/site\/2024\/01\/16\/vacinacao-contra-dengue-vai-priorizar-faixa-etaria-de-6-a-16-anos\/","title":{"rendered":"Vacina\u00e7\u00e3o contra dengue vai priorizar faixa et\u00e1ria de 6 a 16 anos"},"content":{"rendered":"\n<p><div class=\"container\" dir=\"ltr\" lang=\"pt-BR\"><div class=\"content\"><div class=\"moz-reader-content reader-show-element\"><div id=\"readability-page-1\" class=\"page\"><div id=\"content\"><article id=\"post-4831\"><div> <p>O Minist\u00e9rio da Sa\u00fade informou nesta segunda-feira (15) que ir\u00e1  priorizar a faixa et\u00e1ria de 6 a 16 anos na aplica\u00e7\u00e3o da vacina contra a  dengue.<\/p> <p>O pa\u00eds ir\u00e1 adquirir 5,2 milh\u00f5es de doses da Qdenga, fabricada pelo  laborat\u00f3rio japon\u00eas Takeda, al\u00e9m de receber doa\u00e7\u00f5es. O quantitativo ir\u00e1  possibilitar vacina\u00e7\u00e3o de at\u00e9 3 milh\u00f5es de pessoas, j\u00e1 que o esquema  vacinal prev\u00ea duas doses.<\/p> <p>De acordo com o diretor do Programa Nacional de Imuniza\u00e7\u00f5es (PNI),  Eder Gatti, a faixa et\u00e1ria \u00e9 preconizada pela Organiza\u00e7\u00e3o Mundial da  Sa\u00fade (OMS) e recomendada pela C\u00e2mara T\u00e9cnica de Assessoramento em  Imuniza\u00e7\u00e3o, composta por especialistas na \u00e1rea e que reuniu-se hoje.<\/p> <p>\u201cDentro desse grupo [6 a 16 anos], vamos ver qual \u00e9 o melhor grupo  et\u00e1rio para ter melhor resultado epidemiol\u00f3gico, evitando  hospitaliza\u00e7\u00f5es e mortes\u201d, explicou o diretor.<\/p> <p>A defini\u00e7\u00e3o sobre qual p\u00fablico-alvo, bem como as localidades  priorit\u00e1rias, ser\u00e1 feita em conjunto com estados e munic\u00edpios, em  reuni\u00e3o marcada para \u00faltima quinta-feira deste m\u00eas.<\/p> <p>Gatti confirmou que a previs\u00e3o \u00e9 iniciar a vacina\u00e7\u00e3o em fevereiro. No  dia 21 de dezembro, o Minist\u00e9rio da Sa\u00fade anunciou a incorpora\u00e7\u00e3o da  vacina no Sistema \u00danico de Sa\u00fade (SUS). Segundo o governo federal, o  Brasil \u00e9 o primeiro pa\u00eds do mundo a oferecer o imunizante em sistema  p\u00fablico e universal.<\/p> <p>O imunizante Qdenga tem registro na Ag\u00eancia Nacional de Vigil\u00e2ncia  Sanit\u00e1ria (Anvisa) e \u00e9 indicado para preven\u00e7\u00e3o de dengue de 4 a 60 anos  de idade, independentemente de a pessoa ter tido ou n\u00e3o a doen\u00e7a  previamente.<\/p> <p>O Brasil bateu recorde de mortes por dengue no ano de 2023. Foram 1.079 mortes pela doen\u00e7a at\u00e9 o dia 27 de dezembro.<\/p> <p>De acordo com a OMS, o pa\u00eds tem o maior n\u00famero de casos da doen\u00e7a no  mundo, respondendo por metade do total global. Autoridades de sa\u00fade j\u00e1  alertaram para uma epidemia da doen\u00e7a no Brasil em 2024.<\/p> <p><strong><em>Fonte: Ag\u00eancia Brasil<\/em><\/strong><\/p> <\/div><\/article><\/div><\/div><\/div><\/div><\/div><\/p>\n","protected":false},"excerpt":{"rendered":"<p>O Minist\u00e9rio da Sa\u00fade informou nesta segunda-feira (15) que ir\u00e1 priorizar a faixa et\u00e1ria de 6 a 16 anos na<\/p>\n","protected":false},"author":1,"featured_media":4511,"comment_status":"open","ping_status":"open","sticky":false,"template":"","format":"standard","meta":{"footnotes":""},"categories":[2],"tags":[],"class_list":["post-4510","post","type-post","status-publish","format-standard","has-post-thumbnail","hentry","category-noticias"],"_links":{"self":[{"href":"https:\/\/jornaloalvorada.com.br\/site\/wp-json\/wp\/v2\/posts\/4510","targetHints":{"allow":["GET"]}}],"collection":[{"href":"https:\/\/jornaloalvorada.com.br\/site\/wp-json\/wp\/v2\/posts"}],"about":[{"href":"https:\/\/jornaloalvorada.com.br\/site\/wp-json\/wp\/v2\/types\/post"}],"author":[{"embeddable":true,"href":"https:\/\/jornaloalvorada.com.br\/site\/wp-json\/wp\/v2\/users\/1"}],"replies":[{"embeddable":true,"href":"https:\/\/jornaloalvorada.com.br\/site\/wp-json\/wp\/v2\/comments?post=4510"}],"version-history":[{"count":1,"href":"https:\/\/jornaloalvorada.com.br\/site\/wp-json\/wp\/v2\/posts\/4510\/revisions"}],"predecessor-version":[{"id":4512,"href":"https:\/\/jornaloalvorada.com.br\/site\/wp-json\/wp\/v2\/posts\/4510\/revisions\/4512"}],"wp:featuredmedia":[{"embeddable":true,"href":"https:\/\/jornaloalvorada.com.br\/site\/wp-json\/wp\/v2\/media\/4511"}],"wp:attachment":[{"href":"https:\/\/jornaloalvorada.com.br\/site\/wp-json\/wp\/v2\/media?parent=4510"}],"wp:term":[{"taxonomy":"category","embeddable":true,"href":"https:\/\/jornaloalvorada.com.br\/site\/wp-json\/wp\/v2\/categories?post=4510"},{"taxonomy":"post_tag","embeddable":true,"href":"https:\/\/jornaloalvorada.com.br\/site\/wp-json\/wp\/v2\/tags?post=4510"}],"curies":[{"name":"wp","href":"https:\/\/api.w.org\/{rel}","templated":true}]}}