{"id":4503,"date":"2024-01-16T08:22:23","date_gmt":"2024-01-16T12:22:23","guid":{"rendered":"https:\/\/jornaloalvorada.com.br\/site\/?p=4503"},"modified":"2024-01-16T08:22:26","modified_gmt":"2024-01-16T12:22:26","slug":"terca-feira-tem-possibilidade-de-chuva-em-diferentes-cidades-do-estado","status":"publish","type":"post","link":"https:\/\/jornaloalvorada.com.br\/site\/2024\/01\/16\/terca-feira-tem-possibilidade-de-chuva-em-diferentes-cidades-do-estado\/","title":{"rendered":"Ter\u00e7a-feira tem possibilidade de chuva em diferentes cidades do Estado"},"content":{"rendered":"\n<p>Nesta ter\u00e7a-feira (16) segue as temperaturas altas, com varia\u00e7\u00e3o de nebulosidade e possibilidade de chuva em diferentes cidades do Estado. A umidade relativa do ar tamb\u00e9m deve ficar baixa. N\u00e3o est\u00e3o descartadas tempestades, acompanhadas de raios e rajadas de vento, principalmente nas regi\u00f5es centro-norte, leste e nordeste.<\/p>\n\n\n\n<p>Segundo o Cemtec (Centro de Monitoramento do Tempo e do Clima de MS), esta instabilidade atmosf\u00e9rica ocorre em fun\u00e7\u00e3o da converg\u00eancia de umidade em baixos e m\u00e9dios n\u00edveis, o que favorece a forma\u00e7\u00e3o de nuvens e chuvas no Estado. Os ventos ficam entre 40-60 km\/h, mas pontualmente podem ficar acima de 60 km.<\/p>\n\n\n\n<p>Em Campo Grande a m\u00ednima ser\u00e1 de 23\u00b0C, com m\u00e1xima de 33\u00b0C. J\u00e1 em Dourados deve variar entre 23\u00b0C e 36\u00b0C. Para regi\u00e3o norte, em Coxim, a temperatura poder\u00e1 chegar a 34\u00b0C, com m\u00ednima de 23\u00b0C. Na regi\u00e3o de fronteira, em Ponta Por\u00e3 fica entre 22\u00b0C (m\u00ednima) e 34\u00b0C. As quatro cidades t\u00eam previs\u00e3o de chuva. J\u00e1 em Corumb\u00e1 a m\u00e1xima ser\u00e1 de 35\u00b0C e m\u00ednima de 25\u00b0C.<\/p>\n\n\n\n<figure class=\"wp-block-image\"><a href=\"https:\/\/agenciadenoticias.ms.gov.br\/wp-content\/uploads\/2024\/01\/Mapa-previsao-do-tempo-16-01-24.jpeg\" target=\"_blank\" rel=\"noreferrer noopener\"><img decoding=\"async\" src=\"https:\/\/agenciadenoticias.ms.gov.br\/wp-content\/uploads\/2024\/01\/Mapa-previsao-do-tempo-16-01-24-1024x724.jpeg\" alt=\"\" class=\"wp-image-462338\"\/><\/a><\/figure>\n\n\n\n<p><em>Leonardo Rocha, Comunica\u00e7\u00e3o do Governo de MS<\/em> <em>Foto: \u00c1lvaro Rezende\/Arquivo<\/em><\/p>\n","protected":false},"excerpt":{"rendered":"<p>Nesta ter\u00e7a-feira (16) segue as temperaturas altas, com varia\u00e7\u00e3o de nebulosidade e possibilidade de chuva em diferentes cidades do Estado.<\/p>\n","protected":false},"author":1,"featured_media":4504,"comment_status":"open","ping_status":"open","sticky":false,"template":"","format":"standard","meta":{"footnotes":""},"categories":[2],"tags":[],"class_list":["post-4503","post","type-post","status-publish","format-standard","has-post-thumbnail","hentry","category-noticias"],"_links":{"self":[{"href":"https:\/\/jornaloalvorada.com.br\/site\/wp-json\/wp\/v2\/posts\/4503","targetHints":{"allow":["GET"]}}],"collection":[{"href":"https:\/\/jornaloalvorada.com.br\/site\/wp-json\/wp\/v2\/posts"}],"about":[{"href":"https:\/\/jornaloalvorada.com.br\/site\/wp-json\/wp\/v2\/types\/post"}],"author":[{"embeddable":true,"href":"https:\/\/jornaloalvorada.com.br\/site\/wp-json\/wp\/v2\/users\/1"}],"replies":[{"embeddable":true,"href":"https:\/\/jornaloalvorada.com.br\/site\/wp-json\/wp\/v2\/comments?post=4503"}],"version-history":[{"count":1,"href":"https:\/\/jornaloalvorada.com.br\/site\/wp-json\/wp\/v2\/posts\/4503\/revisions"}],"predecessor-version":[{"id":4505,"href":"https:\/\/jornaloalvorada.com.br\/site\/wp-json\/wp\/v2\/posts\/4503\/revisions\/4505"}],"wp:featuredmedia":[{"embeddable":true,"href":"https:\/\/jornaloalvorada.com.br\/site\/wp-json\/wp\/v2\/media\/4504"}],"wp:attachment":[{"href":"https:\/\/jornaloalvorada.com.br\/site\/wp-json\/wp\/v2\/media?parent=4503"}],"wp:term":[{"taxonomy":"category","embeddable":true,"href":"https:\/\/jornaloalvorada.com.br\/site\/wp-json\/wp\/v2\/categories?post=4503"},{"taxonomy":"post_tag","embeddable":true,"href":"https:\/\/jornaloalvorada.com.br\/site\/wp-json\/wp\/v2\/tags?post=4503"}],"curies":[{"name":"wp","href":"https:\/\/api.w.org\/{rel}","templated":true}]}}