{"id":4499,"date":"2024-01-15T18:29:29","date_gmt":"2024-01-15T22:29:29","guid":{"rendered":"https:\/\/jornaloalvorada.com.br\/site\/?p=4499"},"modified":"2024-01-15T18:29:32","modified_gmt":"2024-01-15T22:29:32","slug":"secretaria-municipal-de-educacao-comunica-que-havera-atendimento-presencial-exclusivo-para-as-matriculas-dos-cursos-tecnicos-subsequentes-ifms-2024","status":"publish","type":"post","link":"https:\/\/jornaloalvorada.com.br\/site\/2024\/01\/15\/secretaria-municipal-de-educacao-comunica-que-havera-atendimento-presencial-exclusivo-para-as-matriculas-dos-cursos-tecnicos-subsequentes-ifms-2024\/","title":{"rendered":"Secretaria Municipal de Educa\u00e7\u00e3o comunica que haver\u00e1 atendimento presencial exclusivo para as matr\u00edculas dos cursos t\u00e9cnicos subsequentes &#8211; IFMS 2024"},"content":{"rendered":"\n<p><div id=\"mount_0_0_pz\"><div class=\"\"><div class=\"\"><div class=\"x9f619 x1n2onr6 x1ja2u2z\"><div class=\"x9f619 x1n2onr6 x1ja2u2z\"><div class=\"x78zum5 xdt5ytf x1n2onr6 x1ja2u2z\"><div class=\"x78zum5 xdt5ytf x1n2onr6 xat3117 xxzkxad\"><div class=\"x78zum5 xdt5ytf x1t2pt76 x1n2onr6 x1ja2u2z x10cihs4\"><div class=\"x1qjc9v5 x78zum5 xl56j7k x193iq5w x1t2pt76\"><div class=\"x6s0dn4 x78zum5 xdt5ytf x193iq5w x1t2pt76 xh8yej3\" role=\"main\"><div class=\"x1cy8zhl x78zum5 xl56j7k xh8yej3\"><div class=\"x1iymm2a x1gja9t x8vdgqj xw7yly9 x1htk8sl xvue9z xq1tmr x1ceravr\"><div class=\"x1yztbdb x1n2onr6 xh8yej3 x1ja2u2z\"><div class=\"x1n2onr6 x1ja2u2z\"><div class=\"\"><div class=\"\"><div aria-posinset=\"1\" aria-describedby=\":R1al9aqqd9emhpapd5aqH1: :R1al9aqqd9emhpapd5aqH2: :R1al9aqqd9emhpapd5aqH3: :R1al9aqqd9emhpapd5aqH5: :R1al9aqqd9emhpapd5aqH4:\" aria-labelledby=\":R1al9aqqd9emhpapd5aq:\" class=\"x1a2a7pz\" role=\"article\"><div class=\"x78zum5 xdt5ytf\"><div class=\"x9f619 x1n2onr6 x1ja2u2z\"><div class=\"x78zum5 x1n2onr6 xh8yej3\"><div class=\"x9f619 x1n2onr6 x1ja2u2z x2bj2ny x1qpq9i9 xdney7k xu5ydu1 xt3gfkd xh8yej3 x6ikm8r x10wlt62 xquyuld\"><div><div><div><div><div><div dir=\"auto\" class=\"\"><div class=\"x1iorvi4 x1pi30zi x1l90r2v x1swvt13\" data-ad-comet-preview=\"message\" data-ad-preview=\"message\" id=\":R1al9aqqd9emhpapd5aqH2:\"><div class=\"x78zum5 xdt5ytf xz62fqu x16ldp7u\"><div class=\"xu06os2 x1ok221b\"><span class=\"x193iq5w xeuugli x13faqbe x1vvkbs x1xmvt09 x1lliihq x1s928wv xhkezso x1gmr53x x1cpjm7i x1fgarty x1943h6x xudqn12 x3x7a5m x6prxxf xvq8zen xo1l8bm xzsf02u x1yc453h\" dir=\"auto\"><div class=\"xdj266r x11i5rnm xat24cr x1mh8g0r x1vvkbs x126k92a\"><div dir=\"auto\" style=\"text-align:start\"><span class=\"x3nfvp2 x1j61x8r x1fcty0u xdj266r xhhsvwb xat24cr xgzva0m xxymvpz xlup9mm x1kky2od\"><img loading=\"lazy\" decoding=\"async\" width=\"16\" height=\"16\" class=\"xz74otr\" src=\"https:\/\/static.xx.fbcdn.net\/images\/emoji.php\/v9\/t9e\/1\/16\/27a1.png\" alt=\"\u27a1\ufe0f\"><\/span>Caro(a) aluno(a) selecionado(a) na 1\u00aa chamada dos Cursos T\u00e9cnicos Subsequentes &#8211; IFMS 2024 &#8211; Polo de Nova Alvorada do Sul.<\/div><\/div><div class=\"x11i5rnm xat24cr x1mh8g0r x1vvkbs xtlvy1s x126k92a\"><div dir=\"auto\" style=\"text-align:start\"><span class=\"x3nfvp2 x1j61x8r x1fcty0u xdj266r xhhsvwb xat24cr xgzva0m xxymvpz xlup9mm x1kky2od\"><img loading=\"lazy\" decoding=\"async\" width=\"16\" height=\"16\" class=\"xz74otr\" src=\"https:\/\/static.xx.fbcdn.net\/images\/emoji.php\/v9\/t51\/1\/16\/1f449.png\" alt=\"\ud83d\udc49\"><\/span>Informamos sobre o atendimento presencial exclusivo para as matr\u00edculas dos cursos t\u00e9cnicos subsequentes em conformidade com o Edital CREAD\/IFMS N\u00ba 085.4\/2023. <\/div><\/div><div class=\"x11i5rnm xat24cr x1mh8g0r x1vvkbs xtlvy1s x126k92a\"><div dir=\"auto\" style=\"text-align:start\">Todos os convocados para os cursos: T\u00e9cnico Em Manuten\u00e7\u00e3o e Suporte em Inform\u00e1tica, T\u00e9cnico em Administra\u00e7\u00e3o e T\u00e9cnico em Log\u00edstica, dever\u00e3o realizar sua matricula at\u00e9 o dia 19\/01\/2024. Certifique-se de cumprir esse prazo para garantir sua vaga no curso.<\/div><\/div><div class=\"x11i5rnm xat24cr x1mh8g0r x1vvkbs xtlvy1s x126k92a\"><div dir=\"auto\" style=\"text-align:start\"><span class=\"x3nfvp2 x1j61x8r x1fcty0u xdj266r xhhsvwb xat24cr xgzva0m xxymvpz xlup9mm x1kky2od\"><img loading=\"lazy\" decoding=\"async\" width=\"16\" height=\"16\" class=\"xz74otr\" src=\"https:\/\/static.xx.fbcdn.net\/images\/emoji.php\/v9\/t33\/1\/16\/2705.png\" alt=\"\u2705\"><\/span>Documentos originais necessarios:<\/div><div dir=\"auto\" style=\"text-align:start\">&#8211; RG e CPF <\/div><div dir=\"auto\" style=\"text-align:start\">&#8211; Certificado de conclus\u00e3o do ensino m\u00e9dio ou equivalente;<\/div><div dir=\"auto\" style=\"text-align:start\">&#8211; Reservista ou Certificado de Dispensa Militar (para homens);<\/div><div dir=\"auto\" style=\"text-align:start\">&#8211; Foto recente (Tiramos na hora);<\/div><div dir=\"auto\" style=\"text-align:start\">Atenciosamente.<\/div><\/div><\/span><\/div><\/div><\/div><\/div><\/div><\/div><\/div><\/div><\/div><\/div><\/div><\/div><\/div><\/div><\/div><\/div><\/div><\/div><\/div><\/div><\/div><\/div><\/div><\/div><\/div><\/div><\/div><\/div><\/div><\/div><\/p>\n\n\n\n<figure class=\"wp-block-image size-full\"><img loading=\"lazy\" decoding=\"async\" width=\"526\" height=\"526\" src=\"https:\/\/jornaloalvorada.com.br\/site\/wp-content\/uploads\/2024\/01\/nas-2.jpg\" alt=\"\" class=\"wp-image-4500\" srcset=\"https:\/\/jornaloalvorada.com.br\/site\/wp-content\/uploads\/2024\/01\/nas-2.jpg 526w, https:\/\/jornaloalvorada.com.br\/site\/wp-content\/uploads\/2024\/01\/nas-2-300x300.jpg 300w, https:\/\/jornaloalvorada.com.br\/site\/wp-content\/uploads\/2024\/01\/nas-2-150x150.jpg 150w\" sizes=\"auto, (max-width: 526px) 100vw, 526px\" \/><\/figure>\n","protected":false},"excerpt":{"rendered":"<p>Caro(a) aluno(a) selecionado(a) na 1\u00aa chamada dos Cursos T\u00e9cnicos Subsequentes &#8211; IFMS 2024 &#8211; Polo de Nova Alvorada do Sul.<\/p>\n","protected":false},"author":1,"featured_media":4501,"comment_status":"open","ping_status":"open","sticky":false,"template":"","format":"standard","meta":{"footnotes":""},"categories":[2],"tags":[],"class_list":["post-4499","post","type-post","status-publish","format-standard","has-post-thumbnail","hentry","category-noticias"],"_links":{"self":[{"href":"https:\/\/jornaloalvorada.com.br\/site\/wp-json\/wp\/v2\/posts\/4499","targetHints":{"allow":["GET"]}}],"collection":[{"href":"https:\/\/jornaloalvorada.com.br\/site\/wp-json\/wp\/v2\/posts"}],"about":[{"href":"https:\/\/jornaloalvorada.com.br\/site\/wp-json\/wp\/v2\/types\/post"}],"author":[{"embeddable":true,"href":"https:\/\/jornaloalvorada.com.br\/site\/wp-json\/wp\/v2\/users\/1"}],"replies":[{"embeddable":true,"href":"https:\/\/jornaloalvorada.com.br\/site\/wp-json\/wp\/v2\/comments?post=4499"}],"version-history":[{"count":1,"href":"https:\/\/jornaloalvorada.com.br\/site\/wp-json\/wp\/v2\/posts\/4499\/revisions"}],"predecessor-version":[{"id":4502,"href":"https:\/\/jornaloalvorada.com.br\/site\/wp-json\/wp\/v2\/posts\/4499\/revisions\/4502"}],"wp:featuredmedia":[{"embeddable":true,"href":"https:\/\/jornaloalvorada.com.br\/site\/wp-json\/wp\/v2\/media\/4501"}],"wp:attachment":[{"href":"https:\/\/jornaloalvorada.com.br\/site\/wp-json\/wp\/v2\/media?parent=4499"}],"wp:term":[{"taxonomy":"category","embeddable":true,"href":"https:\/\/jornaloalvorada.com.br\/site\/wp-json\/wp\/v2\/categories?post=4499"},{"taxonomy":"post_tag","embeddable":true,"href":"https:\/\/jornaloalvorada.com.br\/site\/wp-json\/wp\/v2\/tags?post=4499"}],"curies":[{"name":"wp","href":"https:\/\/api.w.org\/{rel}","templated":true}]}}