{"id":4496,"date":"2024-01-15T18:16:53","date_gmt":"2024-01-15T22:16:53","guid":{"rendered":"https:\/\/jornaloalvorada.com.br\/site\/?p=4496"},"modified":"2024-01-15T18:16:55","modified_gmt":"2024-01-15T22:16:55","slug":"receita-federal-informa-o-prazo-para-declaracao-do-imposto-de-renda-2024","status":"publish","type":"post","link":"https:\/\/jornaloalvorada.com.br\/site\/2024\/01\/15\/receita-federal-informa-o-prazo-para-declaracao-do-imposto-de-renda-2024\/","title":{"rendered":"Receita Federal informa o prazo para declara\u00e7\u00e3o do Imposto de Renda 2024"},"content":{"rendered":"\n<p>A Receita Federal confirmou nesta quinta-feira (11) qual o per\u00edodo para entrega da declara\u00e7\u00e3o do <strong>Imposto de Renda Pessoa F\u00edsica (IRPF) 2024<\/strong>, segundo noticiou o portal Infomoney.<\/p>\n\n\n\n<p><mark>A entrega da declara\u00e7\u00e3o anual dever\u00e1 ser feita entre os dias 15 de mar\u00e7o e 31 de maio, mesmo per\u00edodo definido para a entrega no ano passado.<\/mark><\/p>\n\n\n\n<p>Assim, os \u201ccontribuintes\u201d brasileiros ter\u00e3o dois meses e meio para cumprir a obriga\u00e7\u00e3o.<\/p>\n\n\n\n<p>A Receita informou, ainda, que a partir de 2024 este ser\u00e1 o&nbsp;<strong>per\u00edodo padr\u00e3o para entrega da declara\u00e7\u00e3o<\/strong>. Isso significa que o contribuinte deve se programar para os pr\u00f3ximos anos para declarar sempre entre 15 de mar\u00e7o e 31 de maio.<\/p>\n\n\n\n<h2 class=\"wp-block-heading\">MUDAN\u00c7AS PARA 2024<\/h2>\n\n\n\n<p>A Receita ainda divulgar\u00e1 todas diretrizes para a entrega da declara\u00e7\u00e3o anual do IRPF 2024 (ano base 2023), mas uma mudan\u00e7a j\u00e1 \u00e9 certa.<\/p>\n\n\n\n<p><strong>Houve altera\u00e7\u00e3o da faixa de isen\u00e7\u00e3o do IR a partir de 2024, passando de R$1.903,98 para R$2.112,00.<\/strong><\/p>\n\n\n\n<p>Com isso, o \u00f3rg\u00e3o anunciou um novo desconto simplificado mensal de R$528,00 na fonte. A medida \u00e9 uma forma de operacionalizar a nova faixa de isen\u00e7\u00e3o \u2014 que passa a ser de R$ 2.640 \u2014 o valor \u00e9 equivalente ao dobro do atual sal\u00e1rio m\u00ednimo, de R$1.320,00.<\/p>\n\n\n\n<p>O desconto simplificado vai funcionar como uma alternativa \u00e0s dedu\u00e7\u00f5es j\u00e1 existentes, como previd\u00eancia, dependentes, pens\u00e3o aliment\u00edcia, entre outros.<\/p>\n\n\n\n<p>Assim, o contribuinte poder\u00e1 optar por usar esse desconto simplificado mensal, correspondente a 25% da faixa inicial da tabela progressiva (R$ 2.112), ou seja, R$ 528.<\/p>\n\n\n\n<p>O efeito pr\u00e1tico dessa corre\u00e7\u00e3o, \u00e9 que cerca de 13,7 milh\u00f5es de contribuintes pessoas f\u00edsicas devem deixar de pagar o Imposto de Renda. A proje\u00e7\u00e3o \u00e9 da pr\u00f3pria Receita Federal.<\/p>\n\n\n\n<p><mark>A nova tabela progressiva j\u00e1 est\u00e1 em vigor desde 1\u00ba de maio de 2023, mas passa a ter efeitos \u00e0s pessoas f\u00edsicas na declara\u00e7\u00e3o deste ano, IR 2024 (ano-base 2023).<\/mark><\/p>\n\n\n\n<p>Com isso, a tabela (em vigor desde 1\u00ba de maio de 2023) v\u00e1lida para o IRPF 2024, ficou da seguinte forma:<\/p>\n\n\n\n<figure class=\"wp-block-image\"><img decoding=\"async\" src=\"https:\/\/i0.wp.com\/blog.myprofitweb.com\/wp-content\/uploads\/2024\/01\/image.png?resize=697%2C481&amp;ssl=1\" alt=\"\"\/><figcaption class=\"wp-element-caption\"><sub>Fonte: Receita Federal<\/sub><\/figcaption><\/figure>\n\n\n\n<p>J\u00e1 a tabela progressima mensal v\u00e1lida de janeiro a abril de 2023 \u00e9 a seguinte:<\/p>\n\n\n\n<figure class=\"wp-block-image\"><img decoding=\"async\" src=\"https:\/\/i0.wp.com\/blog.myprofitweb.com\/wp-content\/uploads\/2024\/01\/image-1.png?resize=694%2C546&amp;ssl=1\" alt=\"\"\/><figcaption class=\"wp-element-caption\"><sub>Fonte: Receita Federal<\/sub><\/figcaption><\/figure>\n\n\n\n<p>Quer declarar seus investimentos no Brasil e no exterior com tranquilidade e sem medo do Le\u00e3o? Assine a <a href=\"https:\/\/myprofitweb.com\/PricingPro.aspx\" target=\"_blank\" rel=\"noreferrer noopener\">myProfit<\/a> comece o ano bem tranquilo!<\/p>\n\n\n\n<p>Fonte: <a href=\"https:\/\/blog.myprofitweb.com\/\">myProfit News<\/a><\/p>\n","protected":false},"excerpt":{"rendered":"<p>A Receita Federal confirmou nesta quinta-feira (11) qual o per\u00edodo para entrega da declara\u00e7\u00e3o do Imposto de Renda Pessoa F\u00edsica<\/p>\n","protected":false},"author":1,"featured_media":4497,"comment_status":"open","ping_status":"open","sticky":false,"template":"","format":"standard","meta":{"footnotes":""},"categories":[2],"tags":[],"class_list":["post-4496","post","type-post","status-publish","format-standard","has-post-thumbnail","hentry","category-noticias"],"_links":{"self":[{"href":"https:\/\/jornaloalvorada.com.br\/site\/wp-json\/wp\/v2\/posts\/4496","targetHints":{"allow":["GET"]}}],"collection":[{"href":"https:\/\/jornaloalvorada.com.br\/site\/wp-json\/wp\/v2\/posts"}],"about":[{"href":"https:\/\/jornaloalvorada.com.br\/site\/wp-json\/wp\/v2\/types\/post"}],"author":[{"embeddable":true,"href":"https:\/\/jornaloalvorada.com.br\/site\/wp-json\/wp\/v2\/users\/1"}],"replies":[{"embeddable":true,"href":"https:\/\/jornaloalvorada.com.br\/site\/wp-json\/wp\/v2\/comments?post=4496"}],"version-history":[{"count":1,"href":"https:\/\/jornaloalvorada.com.br\/site\/wp-json\/wp\/v2\/posts\/4496\/revisions"}],"predecessor-version":[{"id":4498,"href":"https:\/\/jornaloalvorada.com.br\/site\/wp-json\/wp\/v2\/posts\/4496\/revisions\/4498"}],"wp:featuredmedia":[{"embeddable":true,"href":"https:\/\/jornaloalvorada.com.br\/site\/wp-json\/wp\/v2\/media\/4497"}],"wp:attachment":[{"href":"https:\/\/jornaloalvorada.com.br\/site\/wp-json\/wp\/v2\/media?parent=4496"}],"wp:term":[{"taxonomy":"category","embeddable":true,"href":"https:\/\/jornaloalvorada.com.br\/site\/wp-json\/wp\/v2\/categories?post=4496"},{"taxonomy":"post_tag","embeddable":true,"href":"https:\/\/jornaloalvorada.com.br\/site\/wp-json\/wp\/v2\/tags?post=4496"}],"curies":[{"name":"wp","href":"https:\/\/api.w.org\/{rel}","templated":true}]}}