{"id":4478,"date":"2024-01-15T09:10:57","date_gmt":"2024-01-15T13:10:57","guid":{"rendered":"https:\/\/jornaloalvorada.com.br\/site\/?p=4478"},"modified":"2024-01-15T09:11:00","modified_gmt":"2024-01-15T13:11:00","slug":"decretada-prisao-preventiva-de-irmaos-chefes-de-esquema-ligado-ao-trafico-em-dourados","status":"publish","type":"post","link":"https:\/\/jornaloalvorada.com.br\/site\/2024\/01\/15\/decretada-prisao-preventiva-de-irmaos-chefes-de-esquema-ligado-ao-trafico-em-dourados\/","title":{"rendered":"Decretada pris\u00e3o preventiva de irm\u00e3os chefes de esquema ligado ao tr\u00e1fico em Dourados"},"content":{"rendered":"\n<p>A Justi\u00e7a Federal decretou a pris\u00e3o preventiva dos irm\u00e3os Herm\u00f3genes Aparecido Mendes Filho, 49 anos, e Ronaldo Mendes Nunes, 40, acusados de serem chefes do esquema ligado ao tr\u00e1fico internacional de drogas, lavagem de dinheiro e liga\u00e7\u00e3o com fac\u00e7\u00f5es criminosas. As investiga\u00e7\u00f5es tamb\u00e9m foram prorrogadas por mais 30 dias.<\/p>\n\n\n\n<p>A dupla foi alvo da Opera\u00e7\u00e3o Sanctus, deflagrada pela Pol\u00edcia Federal em 8 de dezembro de 2023. Herm\u00f3genes Aparecido foi preso, enquanto Ronaldo conseguiu fugir, ele estava em Pedro Juan Caballero, e est\u00e1 foragido at\u00e9 hoje. Existe a suspeita de que tenha sido avisado por gente influente no Paraguai.<\/p>\n\n\n\n<p>De acordo com a PF, as investiga\u00e7\u00f5es come\u00e7aram em outubro e identificaram os dois irm\u00e3os de Dourados com hist\u00f3rico de liga\u00e7\u00e3o em apreens\u00f5es de drogas e lideran\u00e7as de fac\u00e7\u00f5es criminosas.<\/p>\n\n\n\n<p>O grupo comandado pela dupla escondia drogas em pneus de caminh\u00f5es de carga para despachar de Pedro Juan Caballero, no Paraguai, para o interior do Paran\u00e1. Na sequ\u00eancia, a carga tinha o Rio de Janeiro como destino.<\/p>\n\n\n\n<p>Os investigados utilizavam uma rede de pessoas e empresas para lavar o dinheiro do tr\u00e1fico e faziam os dep\u00f3sitos em dinheiro vivo em terminais de autoatendimento. O esquema contava ainda com a oculta\u00e7\u00e3o patrimonial de empresas e im\u00f3veis com propriedade em nome de \u201claranjas\u201d e \u201ctestas de ferro\u201d.<\/p>\n\n\n\n<p>Entre os envolvidos est\u00e1 a advogada Cristiane Maran Milgarefe da Costa, presa no dia da opera\u00e7\u00e3o. Ela \u00e9 suspeita de ter um relacionamento afetivo com Herm\u00f3genes Aparecido e teria participado tanto das tratativas de transportes de drogas e pagamentos, al\u00e9m de ser utilizada na oculta\u00e7\u00e3o de bens e lavagem de dinheiro.<\/p>\n\n\n\n<p>Cristiane teve revogada sua pris\u00e3o domiciliar, mas com utiliza\u00e7\u00e3o de tornozeleira eletr\u00f4nica. Na decis\u00e3o da 3\u00aa Vara Federal de Campo Grande, publicada na quinta-feira (11), foi informado que os irm\u00e3os Aparecido e Ronaldo tiveram a pris\u00e3o preventiva decretada no \u00faltimo dia 5 de janeiro. Os processos est\u00e3o em sigilo.<\/p>\n\n\n\n<p>A Justi\u00e7a tamb\u00e9m autorizou a prorroga\u00e7\u00e3o por mais 30 dias das investiga\u00e7\u00f5es da Opera\u00e7\u00e3o Sanctus, para an\u00e1lise de documentos e eventuais dilig\u00eancias ainda em curso.<\/p>\n\n\n\n<p>\u201cAnote-se que a autoridade policial dever\u00e1 dar prioridade \u00e0s dilig\u00eancias ainda pendentes, dada a prioridade de tramita\u00e7\u00e3o do presente feito (R\u00c9U PRESO)\u201d, diz a decis\u00e3o.<\/p>\n\n\n\n<figure class=\"wp-block-image\" id=\"attachment_67825\"><img decoding=\"async\" src=\"https:\/\/ojacare.com.br\/wp-content\/uploads\/2023\/12\/Operacao-Sanctus.jpg\" alt=\"\"\/><figcaption class=\"wp-element-caption\">Casa de Herm\u00f3genes Aparecido, em condom\u00ednio de luxo, foi alvo de mandado de busca e apreens\u00e3o pela Opera\u00e7\u00e3o Sanctus. (Foto: Divulga\u00e7\u00e3o)<\/figcaption><\/figure>\n\n\n\n<h3 class=\"wp-block-heading\"><strong>A\u00e7ougueiro a empres\u00e1rio de sucesso<\/strong><\/h3>\n\n\n\n<p>Herm\u00f3genes Aparecido Mendes Filho passou de um simples dono de a\u00e7ougue de bairro a empres\u00e1rio de sucesso, um dos \u201cnovos ricos\u201d de Dourados, segundo reportagem do site Campo Grande News.<\/p>\n\n\n\n<p>Aparecido, como \u00e9 mais conhecido, progrediu atrav\u00e9s do tr\u00e1fico de drogas. De Coronel Sapucaia, ele se instalou no bairro Izidro Pedroso, onde montou uma casa de carne.&nbsp;<\/p>\n\n\n\n<p>Nos \u00faltimos anos, Herm\u00f3genes passou a ostentar nas redes sociais a riqueza acumulada, postando v\u00eddeos mostrando a cria\u00e7\u00e3o de gado e passeando de quadriciclo em sua fazenda, a Beira Rio, no munic\u00edpio de Feliz Natal, em Mato Grosso. Ap\u00f3s a pris\u00e3o dele, a conta foi apagada.<\/p>\n\n\n\n<p><strong><em>Fonte: O Jacar\u00e9<\/em><\/strong><\/p>\n","protected":false},"excerpt":{"rendered":"<p>A Justi\u00e7a Federal decretou a pris\u00e3o preventiva dos irm\u00e3os Herm\u00f3genes Aparecido Mendes Filho, 49 anos, e Ronaldo Mendes Nunes, 40,<\/p>\n","protected":false},"author":1,"featured_media":4479,"comment_status":"open","ping_status":"open","sticky":false,"template":"","format":"standard","meta":{"footnotes":""},"categories":[2],"tags":[],"class_list":["post-4478","post","type-post","status-publish","format-standard","has-post-thumbnail","hentry","category-noticias"],"_links":{"self":[{"href":"https:\/\/jornaloalvorada.com.br\/site\/wp-json\/wp\/v2\/posts\/4478","targetHints":{"allow":["GET"]}}],"collection":[{"href":"https:\/\/jornaloalvorada.com.br\/site\/wp-json\/wp\/v2\/posts"}],"about":[{"href":"https:\/\/jornaloalvorada.com.br\/site\/wp-json\/wp\/v2\/types\/post"}],"author":[{"embeddable":true,"href":"https:\/\/jornaloalvorada.com.br\/site\/wp-json\/wp\/v2\/users\/1"}],"replies":[{"embeddable":true,"href":"https:\/\/jornaloalvorada.com.br\/site\/wp-json\/wp\/v2\/comments?post=4478"}],"version-history":[{"count":1,"href":"https:\/\/jornaloalvorada.com.br\/site\/wp-json\/wp\/v2\/posts\/4478\/revisions"}],"predecessor-version":[{"id":4480,"href":"https:\/\/jornaloalvorada.com.br\/site\/wp-json\/wp\/v2\/posts\/4478\/revisions\/4480"}],"wp:featuredmedia":[{"embeddable":true,"href":"https:\/\/jornaloalvorada.com.br\/site\/wp-json\/wp\/v2\/media\/4479"}],"wp:attachment":[{"href":"https:\/\/jornaloalvorada.com.br\/site\/wp-json\/wp\/v2\/media?parent=4478"}],"wp:term":[{"taxonomy":"category","embeddable":true,"href":"https:\/\/jornaloalvorada.com.br\/site\/wp-json\/wp\/v2\/categories?post=4478"},{"taxonomy":"post_tag","embeddable":true,"href":"https:\/\/jornaloalvorada.com.br\/site\/wp-json\/wp\/v2\/tags?post=4478"}],"curies":[{"name":"wp","href":"https:\/\/api.w.org\/{rel}","templated":true}]}}