{"id":4471,"date":"2024-01-15T08:34:20","date_gmt":"2024-01-15T12:34:20","guid":{"rendered":"https:\/\/jornaloalvorada.com.br\/site\/?p=4471"},"modified":"2024-01-15T08:34:22","modified_gmt":"2024-01-15T12:34:22","slug":"semana-comeca-com-sol-chuvas-e-temperaturas-altas-nas-regioes-pantaneira-norte-e-sudoeste","status":"publish","type":"post","link":"https:\/\/jornaloalvorada.com.br\/site\/2024\/01\/15\/semana-comeca-com-sol-chuvas-e-temperaturas-altas-nas-regioes-pantaneira-norte-e-sudoeste\/","title":{"rendered":"Semana come\u00e7a com sol, chuvas e temperaturas altas nas regi\u00f5es Pantaneira, Norte e Sudoeste"},"content":{"rendered":"\n<p><div id=\"single\"><div class=\"container\"><div class=\"row\"><div class=\"col-12  col-lg-8\"><div class=\"post-462281 post type-post status-publish format-standard has-post-thumbnail hentry category-tempo tag-destaque2\" id=\"post-462281\"><div class=\"entry\"><p>A previs\u00e3o do tempo para esta segunda-feira (15) \u00e9 de sol, nuvens e  chuvas fracas. Em alguns pontos podem ocorrer chuvas intensas e  tempestades acompanhadas de raios e rajadas de vento, com destaque nas  regi\u00f5es Centro-Norte, Leste e Nordeste do Estado. Estas instablidades  atmosf\u00e9ricas acontecem devido ao aquecimento diurno e disponibilidade de  umidade, que favorecem a forma\u00e7\u00e3o de nuvens e chuvas no Estado. Podem  ocorrer acumulados de chuvas acima de 30 mil\u00edmetros em 24 horas.<\/p><p>As temperaturas m\u00ednimas oscilam entre 23\u00b0C e 25\u00b0C e m\u00e1ximas que pode  atingir os 36\u00b0C nas regi\u00f5es Sul, Leste, Bols\u00e3o, Pantaneira e Norte. Para  a regi\u00e3o Sudoeste, m\u00ednimas entre 25\u00b0C e 27\u00b0C, e m\u00e1ximas de at\u00e9 38\u00b0C,  com destaque para o entorno de Porto Murtinho.<\/p><p>Na capital s\u00e3o esperadas temperaturas m\u00ednimas entre 23\u00b0C e 24\u00b0C e  m\u00e1ximas de at\u00e9 32\u00b0C. Os ventos podem variar entre 40km\/h e 60km\/h.<\/p><p><em>Alexandre Gonzaga, Comunica\u00e7\u00e3o do Governo de MS<\/em><\/p><p>Foto: Saul Schramm<\/p><\/div><\/div><\/div><\/div><\/div><\/div><\/p>\n","protected":false},"excerpt":{"rendered":"<p>A previs\u00e3o do tempo para esta segunda-feira (15) \u00e9 de sol, nuvens e chuvas fracas. Em alguns pontos podem ocorrer<\/p>\n","protected":false},"author":1,"featured_media":4472,"comment_status":"open","ping_status":"open","sticky":false,"template":"","format":"standard","meta":{"footnotes":""},"categories":[2],"tags":[],"class_list":["post-4471","post","type-post","status-publish","format-standard","has-post-thumbnail","hentry","category-noticias"],"_links":{"self":[{"href":"https:\/\/jornaloalvorada.com.br\/site\/wp-json\/wp\/v2\/posts\/4471","targetHints":{"allow":["GET"]}}],"collection":[{"href":"https:\/\/jornaloalvorada.com.br\/site\/wp-json\/wp\/v2\/posts"}],"about":[{"href":"https:\/\/jornaloalvorada.com.br\/site\/wp-json\/wp\/v2\/types\/post"}],"author":[{"embeddable":true,"href":"https:\/\/jornaloalvorada.com.br\/site\/wp-json\/wp\/v2\/users\/1"}],"replies":[{"embeddable":true,"href":"https:\/\/jornaloalvorada.com.br\/site\/wp-json\/wp\/v2\/comments?post=4471"}],"version-history":[{"count":1,"href":"https:\/\/jornaloalvorada.com.br\/site\/wp-json\/wp\/v2\/posts\/4471\/revisions"}],"predecessor-version":[{"id":4473,"href":"https:\/\/jornaloalvorada.com.br\/site\/wp-json\/wp\/v2\/posts\/4471\/revisions\/4473"}],"wp:featuredmedia":[{"embeddable":true,"href":"https:\/\/jornaloalvorada.com.br\/site\/wp-json\/wp\/v2\/media\/4472"}],"wp:attachment":[{"href":"https:\/\/jornaloalvorada.com.br\/site\/wp-json\/wp\/v2\/media?parent=4471"}],"wp:term":[{"taxonomy":"category","embeddable":true,"href":"https:\/\/jornaloalvorada.com.br\/site\/wp-json\/wp\/v2\/categories?post=4471"},{"taxonomy":"post_tag","embeddable":true,"href":"https:\/\/jornaloalvorada.com.br\/site\/wp-json\/wp\/v2\/tags?post=4471"}],"curies":[{"name":"wp","href":"https:\/\/api.w.org\/{rel}","templated":true}]}}