{"id":4467,"date":"2024-01-12T09:33:11","date_gmt":"2024-01-12T13:33:11","guid":{"rendered":"https:\/\/jornaloalvorada.com.br\/site\/?p=4467"},"modified":"2024-01-12T09:40:22","modified_gmt":"2024-01-12T13:40:22","slug":"bomba-em-live-com-genoino-militante-fala-que-proximo-passo-e-destruir-michelle-bolsonaro-veja-video","status":"publish","type":"post","link":"https:\/\/jornaloalvorada.com.br\/site\/2024\/01\/12\/bomba-em-live-com-genoino-militante-fala-que-proximo-passo-e-destruir-michelle-bolsonaro-veja-video\/","title":{"rendered":"BOMBA: Em live com Geno\u00edno, militante fala que pr\u00f3ximo passo \u00e9 \u201cdestruir\u201d Michelle Bolsonaro; VEJA V\u00cdDEO"},"content":{"rendered":"\n<p>Em\u00a0<em><a href=\"https:\/\/www.youtube.com\/watch?v=OF72Ob4aa84\" target=\"_blank\" rel=\"noreferrer noopener\">live<\/a><\/em>\u00a0com o ex-presidente do\u00a0PT\u00a0(Partido dos Trabalhadores)\u00a0Jos\u00e9 Geno\u00edno, a coordenadora do\u00a0<a href=\"https:\/\/sinasefe.org.br\/site\/\" target=\"_blank\" rel=\"noreferrer noopener\">Sinasefe<\/a>\u00a0(Sindicato Nacional dos Servidores Federais da Educa\u00e7\u00e3o B\u00e1sica, Profissional e Tecnol\u00f3gica) Elenira Vilela falou sobre a necessidade de\u00a0<em>\u201cdestruir politicamente\u201d\u00a0<\/em>e\u00a0<em>\u201cqui\u00e7\u00e1 de outras formas\u201d<\/em>\u00a0a ex-primeira-dama Michelle Bolsonaro.<\/p>\n\n\n\n<p>A declara\u00e7\u00e3o foi dada em transmiss\u00e3o do site\u00a0<em>Opera Mundi<\/em>\u00a0em 22 de dezembro de 2023 \u2013que voltou a ser compartilhada nas redes sociais nesta semana.<\/p>\n\n\n\n<p>Segundo Elenira, que foi pr\u00e9-candidata a deputada federal de Santa Catarina pelo PT em 2018, Michelle \u00e9 uma\u00a0<em>\u201cfor\u00e7a pol\u00edtica em ascend\u00eancia\u201d<\/em>\u00a0com\u00a0<em>\u201ccapacidade de comunica\u00e7\u00e3o zilh\u00f5es de vezes melhor\u201d<\/em>\u00a0do que a do ex-presidente\u00a0Jair Bolsonaro\u00a0(PL).<\/p>\n\n\n\n<p><em>\u201cEla&nbsp;<\/em>[Michelle]<em>&nbsp;\u00e9 uma carta chave. E se a gente n\u00e3o arrumar um jeito de destruir ela politicamente, e qui\u00e7\u00e1 de outras formas, jur\u00eddica, por exemplo, comprovando os crimes e tornando ela tamb\u00e9m ineleg\u00edvel, n\u00f3s vamos arrumar um problema para a cabe\u00e7a\u201d<\/em>, afirmou Elenira.<\/p>\n\n\n\n<p>De acordo com a sindicalista, a ex-primeira-dama adquiriu sua capacidade de comunica\u00e7\u00e3o porque foi<em>\u00a0\u201ctreinada\u201d<\/em>\u00a0nas igrejas evang\u00e9licas, as quais, segundo Elenira, conseguem se comunicar de forma eficaz com o p\u00fablico.<\/p>\n\n\n\n<p>Na mesma esteira, Elenira faz uma autocr\u00edtica com rela\u00e7\u00e3o \u00e0 habilidade comunicativa da esquerda.&nbsp;<em>\u201cQuem tem dificuldade de falar com o povo, hoje, no Brasil, sejamos objetivos, somos n\u00f3s&nbsp;<\/em>[integrantes da esquerda]<em>. Se voc\u00ea observar como ela&nbsp;<\/em>[Michelle]<em>&nbsp;mobiliza as pessoas, ela \u00e9 infinitamente melhor que o Bolsonaro\u201d<\/em>, afirmou.<\/p>\n\n\n\n<p>Em mar\u00e7o de 2023, Michelle\u00a0tomou posse\u00a0como presidente do\u00a0<a href=\"https:\/\/plmulher.org.br\/\" target=\"_blank\" rel=\"noreferrer noopener\">PL Mulher<\/a>, ala interna do Partido Liberal. Desde este momento, seu protagonismo na cena pol\u00edtica tem crescido.<\/p>\n\n\n\n<p>Entre&nbsp;<a href=\"https:\/\/www.youtube.com\/watch?v=M0Oe7Dga4lU\" target=\"_blank\" rel=\"noreferrer noopener\">discursos em eventos<\/a>&nbsp;e participa\u00e7\u00e3o ativa em&nbsp;v\u00eddeo de filia\u00e7\u00e3o&nbsp;da sigla, a ex-primeira-dama foi cotada para assumir uma vaga no Senado. Em 2023, o PL&nbsp;contratou pesquisas para averiguar o desempenho eleitoral de Michelle no Rio de Janeiro e no Distrito Federal.<\/p>\n\n\n\n<p>Seu nome tamb\u00e9m j\u00e1 foi testado no Paran\u00e1.&nbsp;<a href=\"https:\/\/static.poder360.com.br\/2023\/10\/Pesquisa-Parana-26out2023.pdf\" target=\"_blank\" rel=\"noreferrer noopener\">Levantamento<\/a>&nbsp;(PDF \u2013 609 kB) divulgado no fim de outubro pelo Paran\u00e1 Pesquisas mostra que Michelle \u00e9 a favorita para uma vaga no Senado pelo Estado. A ex-primeira-dama aparece \u00e0 frente do ex-senador&nbsp;Alvaro Dias&nbsp;(Podemos-PR), da presidente do PT, deputada federal&nbsp;Gleisi Hoffmann(PR), e da deputada federal&nbsp;Rosangela Moro(Uni\u00e3o Brasil-SP).<\/p>\n\n\n\n<h2 class=\"wp-block-heading\">Jos\u00e9 Geno\u00edno<\/h2>\n\n\n\n<p>A&nbsp;<em>live<\/em>&nbsp;tamb\u00e9m contou com a participa\u00e7\u00e3o de Jos\u00e9 Geno\u00edno, ex-deputado federal e ex-presidente nacional do PT. Seus coment\u00e1rios focaram, principalmente, nas perspectivas da esquerda para as elei\u00e7\u00f5es de 2024. Segundo ele, ser\u00e1 um pleito&nbsp;<em>\u201cde clima quente\u201d,<\/em>&nbsp;em que se enfrentar\u00e1 a&nbsp;<em>\u201cextrema direita\u201d<\/em>.<\/p>\n\n\n\n<p><strong>Assista<\/strong>:<\/p>\n\n\n\n<figure class=\"wp-block-embed is-type-video is-provider-youtube wp-block-embed-youtube wp-embed-aspect-16-9 wp-has-aspect-ratio\"><div class=\"wp-block-embed__wrapper\">\n<iframe loading=\"lazy\" title=\"2024: A DIREITA EST\u00c1 MAIS FRACA OU MAIS FORTE? - OUTUBRO 285 - 22\/12\/23\" width=\"800\" height=\"450\" src=\"https:\/\/www.youtube.com\/embed\/OF72Ob4aa84?feature=oembed\" frameborder=\"0\" allow=\"accelerometer; autoplay; clipboard-write; encrypted-media; gyroscope; picture-in-picture; web-share\" allowfullscreen><\/iframe>\n<\/div><\/figure>\n\n\n\n<p><strong><em>Fonte: Terra Brasil Not\u00edcias<\/em><\/strong><\/p>\n","protected":false},"excerpt":{"rendered":"<p>Em\u00a0live\u00a0com o ex-presidente do\u00a0PT\u00a0(Partido dos Trabalhadores)\u00a0Jos\u00e9 Geno\u00edno, a coordenadora do\u00a0Sinasefe\u00a0(Sindicato Nacional dos Servidores Federais da Educa\u00e7\u00e3o B\u00e1sica, Profissional e Tecnol\u00f3gica)<\/p>\n","protected":false},"author":1,"featured_media":4468,"comment_status":"open","ping_status":"open","sticky":false,"template":"","format":"standard","meta":{"footnotes":""},"categories":[2],"tags":[],"class_list":["post-4467","post","type-post","status-publish","format-standard","has-post-thumbnail","hentry","category-noticias"],"_links":{"self":[{"href":"https:\/\/jornaloalvorada.com.br\/site\/wp-json\/wp\/v2\/posts\/4467","targetHints":{"allow":["GET"]}}],"collection":[{"href":"https:\/\/jornaloalvorada.com.br\/site\/wp-json\/wp\/v2\/posts"}],"about":[{"href":"https:\/\/jornaloalvorada.com.br\/site\/wp-json\/wp\/v2\/types\/post"}],"author":[{"embeddable":true,"href":"https:\/\/jornaloalvorada.com.br\/site\/wp-json\/wp\/v2\/users\/1"}],"replies":[{"embeddable":true,"href":"https:\/\/jornaloalvorada.com.br\/site\/wp-json\/wp\/v2\/comments?post=4467"}],"version-history":[{"count":1,"href":"https:\/\/jornaloalvorada.com.br\/site\/wp-json\/wp\/v2\/posts\/4467\/revisions"}],"predecessor-version":[{"id":4469,"href":"https:\/\/jornaloalvorada.com.br\/site\/wp-json\/wp\/v2\/posts\/4467\/revisions\/4469"}],"wp:featuredmedia":[{"embeddable":true,"href":"https:\/\/jornaloalvorada.com.br\/site\/wp-json\/wp\/v2\/media\/4468"}],"wp:attachment":[{"href":"https:\/\/jornaloalvorada.com.br\/site\/wp-json\/wp\/v2\/media?parent=4467"}],"wp:term":[{"taxonomy":"category","embeddable":true,"href":"https:\/\/jornaloalvorada.com.br\/site\/wp-json\/wp\/v2\/categories?post=4467"},{"taxonomy":"post_tag","embeddable":true,"href":"https:\/\/jornaloalvorada.com.br\/site\/wp-json\/wp\/v2\/tags?post=4467"}],"curies":[{"name":"wp","href":"https:\/\/api.w.org\/{rel}","templated":true}]}}