{"id":4464,"date":"2024-01-12T09:24:18","date_gmt":"2024-01-12T13:24:18","guid":{"rendered":"https:\/\/jornaloalvorada.com.br\/site\/?p=4464"},"modified":"2024-01-12T09:24:21","modified_gmt":"2024-01-12T13:24:21","slug":"lula-diz-que-pesquisas-nao-podem-ser-tomadas-como-verdade-absoluta-veja-video","status":"publish","type":"post","link":"https:\/\/jornaloalvorada.com.br\/site\/2024\/01\/12\/lula-diz-que-pesquisas-nao-podem-ser-tomadas-como-verdade-absoluta-veja-video\/","title":{"rendered":"Lula diz que pesquisas n\u00e3o podem ser tomadas como \u201cverdade absoluta\u201d; VEJA V\u00cdDEO"},"content":{"rendered":"\n<p>O presidente Luiz In\u00e1cio Lula da Silva (PT) afirmou nesta 5\u00aa feira  (11.jan.2024) que pesquisas de opini\u00e3o n\u00e3o podem ser \u201cverdade absoluta\u201d.  Para ele, os levantamentos servem para mudar e \u201cfazer as coisas  acontecerem\u201d. O petista tamb\u00e9m disse achar que a economia vai crescer  \u201cmais\u201d em 2024.<\/p>\n\n\n\n<p>\u201cQuando a gente faz uma an\u00e1lise pol\u00edtica e econ\u00f4mica e a gente analisa pesquisa, e a gente analisa que tem uma coisa que est\u00e1 dif\u00edcil de acontecer, n\u00e3o \u00e9 para a gente ficar transformando aquela pesquisa na verdade absoluta. A pesquisa existe para que a gente tenha condi\u00e7\u00f5es de fazer mudan\u00e7a de rumo e fazer as coisas acontecer\u201d, afirmou.<\/p>\n\n\n\n<figure class=\"wp-block-embed is-type-video is-provider-youtube wp-block-embed-youtube wp-embed-aspect-16-9 wp-has-aspect-ratio\"><div class=\"wp-block-embed__wrapper\">\n<iframe loading=\"lazy\" title=\"Lula diz que pesquisas n\u00e3o podem ser tomadas como \u201cverdade absoluta\u201d\" width=\"800\" height=\"450\" src=\"https:\/\/www.youtube.com\/embed\/2Juppomss9w?feature=oembed\" frameborder=\"0\" allow=\"accelerometer; autoplay; clipboard-write; encrypted-media; gyroscope; picture-in-picture; web-share\" allowfullscreen><\/iframe>\n<\/div><\/figure>\n\n\n\n<p><strong><em>Poder 360<\/em><\/strong><\/p>\n","protected":false},"excerpt":{"rendered":"<p>O presidente Luiz In\u00e1cio Lula da Silva (PT) afirmou nesta 5\u00aa feira (11.jan.2024) que pesquisas de opini\u00e3o n\u00e3o podem ser<\/p>\n","protected":false},"author":1,"featured_media":4465,"comment_status":"open","ping_status":"open","sticky":false,"template":"","format":"standard","meta":{"footnotes":""},"categories":[2],"tags":[],"class_list":["post-4464","post","type-post","status-publish","format-standard","has-post-thumbnail","hentry","category-noticias"],"_links":{"self":[{"href":"https:\/\/jornaloalvorada.com.br\/site\/wp-json\/wp\/v2\/posts\/4464","targetHints":{"allow":["GET"]}}],"collection":[{"href":"https:\/\/jornaloalvorada.com.br\/site\/wp-json\/wp\/v2\/posts"}],"about":[{"href":"https:\/\/jornaloalvorada.com.br\/site\/wp-json\/wp\/v2\/types\/post"}],"author":[{"embeddable":true,"href":"https:\/\/jornaloalvorada.com.br\/site\/wp-json\/wp\/v2\/users\/1"}],"replies":[{"embeddable":true,"href":"https:\/\/jornaloalvorada.com.br\/site\/wp-json\/wp\/v2\/comments?post=4464"}],"version-history":[{"count":1,"href":"https:\/\/jornaloalvorada.com.br\/site\/wp-json\/wp\/v2\/posts\/4464\/revisions"}],"predecessor-version":[{"id":4466,"href":"https:\/\/jornaloalvorada.com.br\/site\/wp-json\/wp\/v2\/posts\/4464\/revisions\/4466"}],"wp:featuredmedia":[{"embeddable":true,"href":"https:\/\/jornaloalvorada.com.br\/site\/wp-json\/wp\/v2\/media\/4465"}],"wp:attachment":[{"href":"https:\/\/jornaloalvorada.com.br\/site\/wp-json\/wp\/v2\/media?parent=4464"}],"wp:term":[{"taxonomy":"category","embeddable":true,"href":"https:\/\/jornaloalvorada.com.br\/site\/wp-json\/wp\/v2\/categories?post=4464"},{"taxonomy":"post_tag","embeddable":true,"href":"https:\/\/jornaloalvorada.com.br\/site\/wp-json\/wp\/v2\/tags?post=4464"}],"curies":[{"name":"wp","href":"https:\/\/api.w.org\/{rel}","templated":true}]}}