{"id":4458,"date":"2024-01-11T17:28:05","date_gmt":"2024-01-11T21:28:05","guid":{"rendered":"https:\/\/jornaloalvorada.com.br\/site\/?p=4458"},"modified":"2024-01-11T17:28:07","modified_gmt":"2024-01-11T21:28:07","slug":"calor-extremo-sensacao-termica-no-rj-supera-os-53oc","status":"publish","type":"post","link":"https:\/\/jornaloalvorada.com.br\/site\/2024\/01\/11\/calor-extremo-sensacao-termica-no-rj-supera-os-53oc\/","title":{"rendered":"Calor Extremo: sensa\u00e7\u00e3o t\u00e9rmica no RJ supera os 53\u00baC"},"content":{"rendered":"\n<p>O calor segue com muita for\u00e7a no Rio de Janeiro. Na manh\u00e3 desta quinta-feira (11), a sensa\u00e7\u00e3o t\u00e9rmica bateu a marca de 53\u00baC na cidade. A medi\u00e7\u00e3o aconteceu na esta\u00e7\u00e3o Guaratiba, na zona oeste da capital carioca, \u00e0s 08h35 e registrou 53,4\u00baC.<\/p>\n\n\n\n<p>Segundo o Centro de Opera\u00e7\u00f5es Rio, respons\u00e1vel pela medi\u00e7\u00e3o, essa \u00e9 a maior marca de sensa\u00e7\u00e3o t\u00e9rmica j\u00e1 registrada em 2024. No per\u00edodo compreendendo todo o ver\u00e3o, s\u00f3 perde para o dia 25 de dezembro, que registrou 55\u00baC.<\/p>\n\n\n\n<p>Maiores sensa\u00e7\u00f5es t\u00e9rmicas de 2024 (at\u00e9 09h do dia 11\/01)<\/p>\n\n\n\n<pre class=\"wp-block-code\"><code>53,4\u00b0C \u2013 Guaratiba \u2013 11\/01 \u00e0s 08h35\n52,5\u00b0C \u2013 Guaratiba \u2013 08\/01 \u00e0s 10h00\n49,2\u00b0C \u2013 Jardim Bot\u00e2nico \u2013 09\/01 \u00e0s 09h05<\/code><\/pre>\n\n\n\n<p>Maiores sensa\u00e7\u00f5es t\u00e9rmicas do Ver\u00e3o (at\u00e9 09h do dia 11\/01)<\/p>\n\n\n\n<pre class=\"wp-block-code\"><code>55,0\u00b0C \u2013 Guaratiba \u2013 25\/12 \u00e0s 09h10\n53,4\u00b0C \u2013 Guaratiba \u2013 11\/01 \u00e0s 08h35\n52,5\u00b0C \u2013 Guaratiba \u2013 08\/01 \u00e0s 10h00<\/code><\/pre>\n\n\n\n<p>O forte calor aumenta a chance de fortes chuvas no per\u00edodo da tarde. O sistema Alerta Rio emitiu, atrav\u00e9s das redes sociais, um aviso sobre a chance de pancadas de chuva, acompanhadas de raios e rajadas de vento moderado a forte.<\/p>\n\n\n\n<p>CNN Brasil<\/p>\n","protected":false},"excerpt":{"rendered":"<p>O calor segue com muita for\u00e7a no Rio de Janeiro. Na manh\u00e3 desta quinta-feira (11), a sensa\u00e7\u00e3o t\u00e9rmica bateu a<\/p>\n","protected":false},"author":1,"featured_media":4459,"comment_status":"open","ping_status":"open","sticky":false,"template":"","format":"standard","meta":{"footnotes":""},"categories":[2],"tags":[],"class_list":["post-4458","post","type-post","status-publish","format-standard","has-post-thumbnail","hentry","category-noticias"],"_links":{"self":[{"href":"https:\/\/jornaloalvorada.com.br\/site\/wp-json\/wp\/v2\/posts\/4458","targetHints":{"allow":["GET"]}}],"collection":[{"href":"https:\/\/jornaloalvorada.com.br\/site\/wp-json\/wp\/v2\/posts"}],"about":[{"href":"https:\/\/jornaloalvorada.com.br\/site\/wp-json\/wp\/v2\/types\/post"}],"author":[{"embeddable":true,"href":"https:\/\/jornaloalvorada.com.br\/site\/wp-json\/wp\/v2\/users\/1"}],"replies":[{"embeddable":true,"href":"https:\/\/jornaloalvorada.com.br\/site\/wp-json\/wp\/v2\/comments?post=4458"}],"version-history":[{"count":1,"href":"https:\/\/jornaloalvorada.com.br\/site\/wp-json\/wp\/v2\/posts\/4458\/revisions"}],"predecessor-version":[{"id":4460,"href":"https:\/\/jornaloalvorada.com.br\/site\/wp-json\/wp\/v2\/posts\/4458\/revisions\/4460"}],"wp:featuredmedia":[{"embeddable":true,"href":"https:\/\/jornaloalvorada.com.br\/site\/wp-json\/wp\/v2\/media\/4459"}],"wp:attachment":[{"href":"https:\/\/jornaloalvorada.com.br\/site\/wp-json\/wp\/v2\/media?parent=4458"}],"wp:term":[{"taxonomy":"category","embeddable":true,"href":"https:\/\/jornaloalvorada.com.br\/site\/wp-json\/wp\/v2\/categories?post=4458"},{"taxonomy":"post_tag","embeddable":true,"href":"https:\/\/jornaloalvorada.com.br\/site\/wp-json\/wp\/v2\/tags?post=4458"}],"curies":[{"name":"wp","href":"https:\/\/api.w.org\/{rel}","templated":true}]}}