{"id":4454,"date":"2024-01-11T17:20:51","date_gmt":"2024-01-11T21:20:51","guid":{"rendered":"https:\/\/jornaloalvorada.com.br\/site\/?p=4454"},"modified":"2024-01-11T17:20:55","modified_gmt":"2024-01-11T21:20:55","slug":"aniversario-de-alex-fabricio","status":"publish","type":"post","link":"https:\/\/jornaloalvorada.com.br\/site\/2024\/01\/11\/aniversario-de-alex-fabricio\/","title":{"rendered":"Anivers\u00e1rio de Alex Fabr\u00edcio"},"content":{"rendered":"\n<p>NIVER-IMPLACANDO IDADE NOVA ALEX FABR\u00cdCIO-11-01-NA FTO COM A ESPOSA CAROL ARA\u00daJO FREITAS E SUA LINDA FILHA!PARAB\u00c9NS!FELICIDADES!<\/p>\n\n\n\n<figure class=\"wp-block-image size-large\"><img loading=\"lazy\" decoding=\"async\" width=\"768\" height=\"1024\" src=\"https:\/\/jornaloalvorada.com.br\/site\/wp-content\/uploads\/2024\/01\/social-768x1024.jpeg\" alt=\"\" class=\"wp-image-4456\" srcset=\"https:\/\/jornaloalvorada.com.br\/site\/wp-content\/uploads\/2024\/01\/social-768x1024.jpeg 768w, https:\/\/jornaloalvorada.com.br\/site\/wp-content\/uploads\/2024\/01\/social-225x300.jpeg 225w, https:\/\/jornaloalvorada.com.br\/site\/wp-content\/uploads\/2024\/01\/social.jpeg 1080w\" sizes=\"auto, (max-width: 768px) 100vw, 768px\" \/><\/figure>\n","protected":false},"excerpt":{"rendered":"<p>NIVER-IMPLACANDO IDADE NOVA ALEX FABR\u00cdCIO-11-01-NA FTO COM A ESPOSA CAROL ARA\u00daJO FREITAS E SUA LINDA FILHA!PARAB\u00c9NS!FELICIDADES!<\/p>\n","protected":false},"author":1,"featured_media":4455,"comment_status":"open","ping_status":"open","sticky":false,"template":"","format":"standard","meta":{"footnotes":""},"categories":[3],"tags":[],"class_list":["post-4454","post","type-post","status-publish","format-standard","has-post-thumbnail","hentry","category-social"],"_links":{"self":[{"href":"https:\/\/jornaloalvorada.com.br\/site\/wp-json\/wp\/v2\/posts\/4454","targetHints":{"allow":["GET"]}}],"collection":[{"href":"https:\/\/jornaloalvorada.com.br\/site\/wp-json\/wp\/v2\/posts"}],"about":[{"href":"https:\/\/jornaloalvorada.com.br\/site\/wp-json\/wp\/v2\/types\/post"}],"author":[{"embeddable":true,"href":"https:\/\/jornaloalvorada.com.br\/site\/wp-json\/wp\/v2\/users\/1"}],"replies":[{"embeddable":true,"href":"https:\/\/jornaloalvorada.com.br\/site\/wp-json\/wp\/v2\/comments?post=4454"}],"version-history":[{"count":1,"href":"https:\/\/jornaloalvorada.com.br\/site\/wp-json\/wp\/v2\/posts\/4454\/revisions"}],"predecessor-version":[{"id":4457,"href":"https:\/\/jornaloalvorada.com.br\/site\/wp-json\/wp\/v2\/posts\/4454\/revisions\/4457"}],"wp:featuredmedia":[{"embeddable":true,"href":"https:\/\/jornaloalvorada.com.br\/site\/wp-json\/wp\/v2\/media\/4455"}],"wp:attachment":[{"href":"https:\/\/jornaloalvorada.com.br\/site\/wp-json\/wp\/v2\/media?parent=4454"}],"wp:term":[{"taxonomy":"category","embeddable":true,"href":"https:\/\/jornaloalvorada.com.br\/site\/wp-json\/wp\/v2\/categories?post=4454"},{"taxonomy":"post_tag","embeddable":true,"href":"https:\/\/jornaloalvorada.com.br\/site\/wp-json\/wp\/v2\/tags?post=4454"}],"curies":[{"name":"wp","href":"https:\/\/api.w.org\/{rel}","templated":true}]}}