{"id":4451,"date":"2023-12-24T19:29:00","date_gmt":"2023-12-24T23:29:00","guid":{"rendered":"https:\/\/jornaloalvorada.com.br\/site\/?p=4451"},"modified":"2024-01-11T15:42:00","modified_gmt":"2024-01-11T19:42:00","slug":"maior-presenca-de-negros-no-pais-reflete-reconhecimento-racial","status":"publish","type":"post","link":"https:\/\/jornaloalvorada.com.br\/site\/2023\/12\/24\/maior-presenca-de-negros-no-pais-reflete-reconhecimento-racial\/","title":{"rendered":"Maior presen\u00e7a de negros no pa\u00eds reflete reconhecimento racial"},"content":{"rendered":"\n<p>A popula\u00e7\u00e3o brasileira est\u00e1 tendo mais orgulho em se reconhecer mais \u201cescurecida\u201d. Essa \u00e9 uma constata\u00e7\u00e3o de especialistas ouvidos pela <strong>Ag\u00eancia Brasil<\/strong> ap\u00f3s os mais recentes <a href=\"https:\/\/agenciabrasil.ebc.com.br\/economia\/noticia\/2023-12\/censo-2022-populacao-parda-supera-branca-pela-1a-vez\" target=\"_blank\" rel=\"noreferrer noopener\">resultados do Censo 2022<\/a>, que revelaram que 55,5% da popula\u00e7\u00e3o se identifica como preta ou parda.&nbsp;<img decoding=\"async\" src=\"https:\/\/agenciabrasil.ebc.com.br\/ebc.png?id=1574332&amp;o=node\"><img decoding=\"async\" src=\"https:\/\/agenciabrasil.ebc.com.br\/ebc.gif?id=1574332&amp;o=node\"><\/p>\n\n\n\n<p>O levantamento divulgado na sexta-feira (22) pelo Instituto Brasileiro de Geografia e Estat\u00edstica (IBGE) apontou que os pardos s\u00e3o 45,3% da popula\u00e7\u00e3o e superaram a quantidade de brancos pela primeira vez desde 1872, quando foi realizado o primeiro recenseamento do pa\u00eds. Al\u00e9m disso, a propor\u00e7\u00e3o de pretos mais que dobrou entre 1991 e 2022, alcan\u00e7ando 10,2% da popula\u00e7\u00e3o.&nbsp;<\/p>\n\n\n\n<p>O IBGE explica que a mudan\u00e7a no perfil \u00e9tnico-racial do pa\u00eds n\u00e3o reflete apenas a quest\u00e3o demogr\u00e1fica, ou seja, nascimento ou morte de pessoas, mas tamb\u00e9m outros fen\u00f4menos sociais.&nbsp;&nbsp;<\/p>\n\n\n\n<p>\u201cEssas varia\u00e7\u00f5es t\u00eam a ver com a percep\u00e7\u00e3o. Cor ou ra\u00e7a \u00e9 uma percep\u00e7\u00e3o que as pessoas t\u00eam de si mesmas. Tem a ver com contexto socioecon\u00f4micos, contextos das rela\u00e7\u00f5es interraciais\u201d, disse o pesquisador Leonardo Athias.&nbsp;<\/p>\n\n\n\n<h2 class=\"wp-block-heading\">Reconhecimento&nbsp;<\/h2>\n\n\n\n<figure class=\"wp-block-image\"><img decoding=\"async\" src=\"https:\/\/imagens.ebc.com.br\/0mWEZweUaRAs2DAcpi5B8DM_BAQ=\/754x0\/smart\/https:\/\/agenciabrasil.ebc.com.br\/sites\/default\/files\/thumbnails\/image\/censo2022arte_agenciabrasil.jpg?itok=DlJ8RY6I\" alt=\"Bras\u00edlia (DF) 21\/12\/2023 \u2013Censo 2022 Por cor ou Ra\u00e7a.\nArte Ag\u00eancia Brasil\" title=\"Arte Ag\u00eancia Brasil\"\/><\/figure>\n\n\n\n<h6 class=\"wp-block-heading\"><strong>Arte Ag\u00eancia Brasil<\/strong><\/h6>\n\n\n\n<p>Para a historiadora Wania Sant\u2019Anna, conselheira do Centro de Estudos e Dados sobre Desigualdade Raciais (Cedra), o Brasil passa por \u201cum momento de reconhecimento de pertencimento \u00e9tnico-racial no terreno da negritude e da afrodescend\u00eancia\u201d.&nbsp;&nbsp;<\/p>\n\n\n\n<p>Segundo ela, o resultado consolida uma trajet\u00f3ria que j\u00e1 vinha desde o recenseamento de 1991 e que \u201cn\u00e3o tem volta\u201d.&nbsp;&nbsp;<\/p>\n\n\n\n<p>\u201cO que comprova isso [reconhecimento com a afrodescend\u00eancia] \u00e9 essa mudan\u00e7a expressiva dos pretos, que mais que dobraram entre os anos 80 e os dias atuais\u201d, aponta Wania, que tamb\u00e9m \u00e9 presidente de governan\u00e7a do Instituto Brasileiro de An\u00e1lises Sociais e Econ\u00f4micas (Ibase) e integrante da Coaliz\u00e3o Negra por Direitos.&nbsp;<\/p>\n\n\n\n<p>A pesquisadora do Instituto de Pesquisa Econ\u00f4mica Aplicada (Ipea) Tatiana Dias Silva converge com a explica\u00e7\u00e3o de que n\u00e3o \u00e9 apenas a quest\u00e3o demogr\u00e1fica que causou o aumento de negros na popula\u00e7\u00e3o.&nbsp;<\/p>\n\n\n\n<p>\u201cTem alguns estudos da composi\u00e7\u00e3o de componentes demogr\u00e1ficos para identificar se tem mais taxa de natalidade e fecundidade da comunidade negra, e n\u00e3o conseguem justificar demograficamente essa mudan\u00e7a\u201d, explica.&nbsp;&nbsp;<\/p>\n\n\n<div class=\"wp-block-image\">\n<figure class=\"alignleft\"><img decoding=\"async\" src=\"https:\/\/imagens.ebc.com.br\/gMkc6uH0OHtu6IVkBtLBFRfEWxs=\/365x0\/smart\/https:\/\/agenciabrasil.ebc.com.br\/sites\/default\/files\/thumbnails\/image\/wania_santanna_arquivo_pessoal.jpg?itok=k5Dkpnje\" alt=\"Bras\u00edlia (DF) 24\/12\/2023 \u2013 Na foto Wania Sant'Anna - Censo 2022: maior presen\u00e7a de negros reflete reconhecimento racial\nFoto: Wania Sant'Anna\/Arquivo Pessoal\" title=\"Wania Sant'Anna\/Arquivo Pessoal\"\/><\/figure>\n<\/div>\n\n\n<h6 class=\"wp-block-heading\">Conselheira do Cedra&nbsp;Wania Sant&#8217;Anna &#8211; Foto: Arquivo Pessoal<\/h6>\n\n\n\n<h2 class=\"wp-block-heading\">Debates<\/h2>\n\n\n\n<p>Wania Sant\u2019Anna cita dois grandes fatores que explicam, na vis\u00e3o dela, o reconhecimento das pessoas com a negritude. Um s\u00e3o os debates p\u00fablicos mais abertos sobre desigualdades raciais, racismo e preconceito.&nbsp;&nbsp;<\/p>\n\n\n\n<p>\u201cAs pessoas s\u00e3o discriminadas por causa da sua cor. \u00c0 medida que esse debate se torna p\u00fablico, os sujeitos pensam \u2018isso poderia ter acontecido comigo porque essa \u00e9 a minha cor, esse \u00e9 o meu cabelo, esse \u00e9 o meu territ\u00f3rio\u2019. Ent\u00e3o o debate sobre racismo tem contribu\u00eddo muito\u201d, avalia.&nbsp;&nbsp;<\/p>\n\n\n\n<p>Outro fator, aponta Wania, s\u00e3o as manifesta\u00e7\u00f5es culturais populares que falam sobre racismo, como m\u00fasica e literatura.&nbsp;&nbsp;<\/p>\n\n\n\n<p>\u201cA gente n\u00e3o pode esquecer o impacto que o hip-hop e o funk est\u00e3o produzindo na popula\u00e7\u00e3o jovem e n\u00e3o t\u00e3o jovem tamb\u00e9m. Esse debate fala de ra\u00e7a, racismo e cor de pele. Isso informa as pessoas. As pessoas n\u00e3o est\u00e3o sendo informadas apenas pela branquitude\u201d, disse.&nbsp;<\/p>\n\n\n\n<p>O efeito dessa conscientiza\u00e7\u00e3o, acredita Wania Sant\u2019Anna, aparece quando o recenseador pergunta \u00e0s pessoas com qual ra\u00e7a se identificam.&nbsp;&nbsp;<\/p>\n\n\n\n<p>A integrante da Coaliz\u00e3o Negra por Direitos ressalta que esses debates p\u00fablicos n\u00e3o existiam com a mesma for\u00e7a d\u00e9cadas atr\u00e1s.&nbsp;&nbsp;<\/p>\n\n\n\n<p>Vis\u00e3o compartilhada com Tatiana, do Ipea. \u201cA gente est\u00e1 tendo ao longo dessas \u00faltimas duas d\u00e9cadas muito mais discuss\u00e3o sobre a quest\u00e3o racial. Isso deixa de ser encarado como um tabu, e as pessoas falam sobre isso e acabam tamb\u00e9m se reconhecendo mais a partir das suas origens como negras\u201d, diz a pesquisadora cedida ao Minist\u00e9rio da Igualdade Racial (MIR).&nbsp;<\/p>\n\n\n\n<h2 class=\"wp-block-heading\">Cor e ra\u00e7a&nbsp;<\/h2>\n\n\n\n<figure class=\"wp-block-image\"><img decoding=\"async\" src=\"https:\/\/imagens.ebc.com.br\/OGbHUJ2DBDbssxCuPrzcffmSZuI=\/754x0\/smart\/https:\/\/agenciabrasil.ebc.com.br\/sites\/default\/files\/thumbnails\/image\/trajetoriaperfiletnico-racial_0.jpg?itok=BDpk7yex\" alt=\"Bras\u00edlia (DF) 21\/12\/2023 \u2013 Distribui\u00e7\u00e3o da Popula\u00e7\u00e3o Por cor Ou Ra\u00e7a.\nArte Ag\u00eancia Brasil\" title=\"Arte Ag\u00eancia Brasil\"\/><\/figure>\n\n\n\n<h6 class=\"wp-block-heading\"><strong>Arte Ag\u00eancia Brasil<\/strong><\/h6>\n\n\n\n<p>O IBGE explica que o Censo 2022 colhe as respostas com base na autodeclara\u00e7\u00e3o dos indiv\u00edduos. Al\u00e9m disso, utiliza o conceito de ra\u00e7a como categoria socialmente constru\u00edda na intera\u00e7\u00e3o social e n\u00e3o como conceito biol\u00f3gico. As classifica\u00e7\u00f5es do instituto s\u00e3o branca, preta, parda, amarela (origem asi\u00e1tica) e ind\u00edgena.&nbsp;&nbsp;<\/p>\n\n\n\n<p>Apesar de o IBGE n\u00e3o agrupar oficialmente, ativistas e o Estatuto da Igualdade Racial consideram negros o conjunto de pessoas pretas e pardas.&nbsp;<\/p>\n\n\n\n<h2 class=\"wp-block-heading\">Campanha em 1980&nbsp;<\/h2>\n\n\n\n<p>Os resultados vistos no Censo 2022 s\u00e3o, segundo Wania Sant\u2019Anna, uma tend\u00eancia tamb\u00e9m de uma campanha organizada no come\u00e7o da d\u00e9cada de 80, da qual ela foi uma das coordenadoras. Foi um chamamento p\u00fablico para as pessoas se reconhecerem com pretas ou pardas. \u201cSab\u00edamos que tinha um problema na autodeclara\u00e7\u00e3o das pessoas\u201d, lembra.&nbsp;&nbsp;<\/p>\n\n\n\n<p>A campanha criou o lema \u201cN\u00e3o deixe sua cor passar em branco \u2013 Responda com bom c\/senso\u201d, fazendo ambiguidade com as palavras branco, censo e senso.&nbsp;<\/p>\n\n\n\n<h2 class=\"wp-block-heading\">Vozes negras&nbsp;<\/h2>\n\n\n\n<p>A cofundadora e conselheira do Centro de Estudos das Rela\u00e7\u00f5es de Trabalho e Desigualdades (Ceert) Cida Bento interpreta os resultados do Censo 2022 com um encontro do Brasil.&nbsp;&nbsp;<\/p>\n\n\n\n<p>\u201cO crescimento de pretos e pardos tem a ver com o quanto o Brasil vai se encontrando consigo, como uma na\u00e7\u00e3o onde a presen\u00e7a negra, n\u00e3o branca, \u00e9 grande em termos de fen\u00f3tipo [caracter\u00edsticas gen\u00e9ticas e proporcionadas pelo ambiente no qual se vive], de cultura, de religiosidade\u201d.&nbsp;<\/p>\n","protected":false},"excerpt":{"rendered":"<p>A popula\u00e7\u00e3o brasileira est\u00e1 tendo mais orgulho em se reconhecer mais \u201cescurecida\u201d. Essa \u00e9 uma constata\u00e7\u00e3o de especialistas ouvidos pela<\/p>\n","protected":false},"author":1,"featured_media":4452,"comment_status":"open","ping_status":"open","sticky":false,"template":"","format":"standard","meta":{"footnotes":""},"categories":[2],"tags":[],"class_list":["post-4451","post","type-post","status-publish","format-standard","has-post-thumbnail","hentry","category-noticias"],"_links":{"self":[{"href":"https:\/\/jornaloalvorada.com.br\/site\/wp-json\/wp\/v2\/posts\/4451","targetHints":{"allow":["GET"]}}],"collection":[{"href":"https:\/\/jornaloalvorada.com.br\/site\/wp-json\/wp\/v2\/posts"}],"about":[{"href":"https:\/\/jornaloalvorada.com.br\/site\/wp-json\/wp\/v2\/types\/post"}],"author":[{"embeddable":true,"href":"https:\/\/jornaloalvorada.com.br\/site\/wp-json\/wp\/v2\/users\/1"}],"replies":[{"embeddable":true,"href":"https:\/\/jornaloalvorada.com.br\/site\/wp-json\/wp\/v2\/comments?post=4451"}],"version-history":[{"count":1,"href":"https:\/\/jornaloalvorada.com.br\/site\/wp-json\/wp\/v2\/posts\/4451\/revisions"}],"predecessor-version":[{"id":4453,"href":"https:\/\/jornaloalvorada.com.br\/site\/wp-json\/wp\/v2\/posts\/4451\/revisions\/4453"}],"wp:featuredmedia":[{"embeddable":true,"href":"https:\/\/jornaloalvorada.com.br\/site\/wp-json\/wp\/v2\/media\/4452"}],"wp:attachment":[{"href":"https:\/\/jornaloalvorada.com.br\/site\/wp-json\/wp\/v2\/media?parent=4451"}],"wp:term":[{"taxonomy":"category","embeddable":true,"href":"https:\/\/jornaloalvorada.com.br\/site\/wp-json\/wp\/v2\/categories?post=4451"},{"taxonomy":"post_tag","embeddable":true,"href":"https:\/\/jornaloalvorada.com.br\/site\/wp-json\/wp\/v2\/tags?post=4451"}],"curies":[{"name":"wp","href":"https:\/\/api.w.org\/{rel}","templated":true}]}}