{"id":4449,"date":"2023-12-24T08:24:00","date_gmt":"2023-12-24T12:24:00","guid":{"rendered":"https:\/\/jornaloalvorada.com.br\/site\/?p=4449"},"modified":"2024-01-11T15:28:54","modified_gmt":"2024-01-11T19:28:54","slug":"probabilidade-de-chuvas-embalam-vespera-de-natal-de-sul-mato-grossenses","status":"publish","type":"post","link":"https:\/\/jornaloalvorada.com.br\/site\/2023\/12\/24\/probabilidade-de-chuvas-embalam-vespera-de-natal-de-sul-mato-grossenses\/","title":{"rendered":"Probabilidade de chuvas embalam v\u00e9spera de Natal de sul-mato-grossenses"},"content":{"rendered":"\n<p> <p>Nesta v\u00e9spera de Natal, o tempo segue com probabilidade de chuvas de intensidade fraca a moderada e, pontualmente, chuvas mais intensas e tempestades acompanhadas de raios e rajadas de vento.<\/p><p>De acordo com o Cemtec (Centro de Monitoramento do Tempo e do Clima), as instabilidades neste domingo (24) ocorrem devido a atua\u00e7\u00e3o de uma \u00e1rea de baixa press\u00e3o atmosf\u00e9rica sobre o Paraguai e a aproxima\u00e7\u00e3o de uma frente fria oce\u00e2nica no estado. Ainda, a passagem de cavados aliada ao transporte de calor e umidade tamb\u00e9m causam impacto no clima.<\/p><p>Campo Grande come\u00e7a o dia com 23\u00b0C e atinge os 31\u00b0C. Em Dourados, os term\u00f4metros marcam 23\u00b0C inicialmente e chegam aos 32\u00b0C. Ponta Por\u00e3 e Iguatemi, na regi\u00e3o Sul, t\u00eam m\u00ednimas de 23\u00b0C e m\u00e1ximas de 31\u00b0C. Anauril\u00e2ndia apresenta varia\u00e7\u00e3o entre 23\u00b0C e 33\u00b0C.<\/p><p>Porto Murtinho, no Sudoeste do estado, marca 27\u00b0C pela manh\u00e3 e 35\u00b0C no per\u00edodo da tarde. Na regi\u00e3o pantaneira, Corumb\u00e1 tem m\u00ednima de 26\u00b0C e m\u00e1xima de 34\u00b0C, j\u00e1 em Aquidauana\u00a0 os valores variam entre 25\u00b0C e 33\u00b0C.<\/p><p>No Bols\u00e3o, os valores em Parana\u00edba registram varia\u00e7\u00e3o entre 22\u00b0C e 31\u00b0C, enquanto Tr\u00eas Lagoas tem m\u00ednima de 23\u00b0C e 33\u00b0C. Coxim e Camapu\u00e3, na regi\u00e3o Norte, apresentam temperaturas semelhantes, com m\u00ednimas de 24\u00b0C e m\u00e1ximas de 31\u00b0C.<\/p><p><em>Heloisa Duim, Programa de Est\u00e1gio Supervisionado<\/em><em>Foto: \u00c1lvaro Rezende<\/em><\/p><\/p>\n","protected":false},"excerpt":{"rendered":"<p>Nesta v\u00e9spera de Natal, o tempo segue com probabilidade de chuvas de intensidade fraca a moderada e, pontualmente, chuvas mais<\/p>\n","protected":false},"author":1,"featured_media":4276,"comment_status":"open","ping_status":"open","sticky":false,"template":"","format":"standard","meta":{"footnotes":""},"categories":[2],"tags":[],"class_list":["post-4449","post","type-post","status-publish","format-standard","has-post-thumbnail","hentry","category-noticias"],"_links":{"self":[{"href":"https:\/\/jornaloalvorada.com.br\/site\/wp-json\/wp\/v2\/posts\/4449","targetHints":{"allow":["GET"]}}],"collection":[{"href":"https:\/\/jornaloalvorada.com.br\/site\/wp-json\/wp\/v2\/posts"}],"about":[{"href":"https:\/\/jornaloalvorada.com.br\/site\/wp-json\/wp\/v2\/types\/post"}],"author":[{"embeddable":true,"href":"https:\/\/jornaloalvorada.com.br\/site\/wp-json\/wp\/v2\/users\/1"}],"replies":[{"embeddable":true,"href":"https:\/\/jornaloalvorada.com.br\/site\/wp-json\/wp\/v2\/comments?post=4449"}],"version-history":[{"count":1,"href":"https:\/\/jornaloalvorada.com.br\/site\/wp-json\/wp\/v2\/posts\/4449\/revisions"}],"predecessor-version":[{"id":4450,"href":"https:\/\/jornaloalvorada.com.br\/site\/wp-json\/wp\/v2\/posts\/4449\/revisions\/4450"}],"wp:featuredmedia":[{"embeddable":true,"href":"https:\/\/jornaloalvorada.com.br\/site\/wp-json\/wp\/v2\/media\/4276"}],"wp:attachment":[{"href":"https:\/\/jornaloalvorada.com.br\/site\/wp-json\/wp\/v2\/media?parent=4449"}],"wp:term":[{"taxonomy":"category","embeddable":true,"href":"https:\/\/jornaloalvorada.com.br\/site\/wp-json\/wp\/v2\/categories?post=4449"},{"taxonomy":"post_tag","embeddable":true,"href":"https:\/\/jornaloalvorada.com.br\/site\/wp-json\/wp\/v2\/tags?post=4449"}],"curies":[{"name":"wp","href":"https:\/\/api.w.org\/{rel}","templated":true}]}}