{"id":4442,"date":"2024-01-11T11:04:39","date_gmt":"2024-01-11T15:04:39","guid":{"rendered":"https:\/\/jornaloalvorada.com.br\/site\/?p=4442"},"modified":"2024-01-11T17:07:46","modified_gmt":"2024-01-11T21:07:46","slug":"enem-dos-concursos-veja-quais-sao-os-maiores-salarios-nos-niveis-medio-e-superior","status":"publish","type":"post","link":"https:\/\/jornaloalvorada.com.br\/site\/2024\/01\/11\/enem-dos-concursos-veja-quais-sao-os-maiores-salarios-nos-niveis-medio-e-superior\/","title":{"rendered":"\u201cEnem dos Concursos\u201d: veja quais s\u00e3o os maiores sal\u00e1rios nos n\u00edveis m\u00e9dio e superior"},"content":{"rendered":"\n<p>O governo federal divulgou, nesta quarta-feira (dia 10), os editais do Concurso P\u00fablico Nacional Unificado, batizado informalmente de \u201cEnem dos Concursos\u201d. Ser\u00e3o selecionados 6.640 servidores para 21 \u00f3rg\u00e3os p\u00fablicos. Os sal\u00e1rios s\u00e3o de at\u00e9 R$ 23 mil.<\/p>\n\n\n\n<p>Os maiores sal\u00e1rios ser\u00e3o para quem tem gradua\u00e7\u00e3o. A vaga de auditor-fiscal do Minist\u00e9rio do Trabalho e Emprego (MTE) encabe\u00e7ar\u00e1 a lista, com remunera\u00e7\u00e3o inicial de R$ 23 mil. Nos postos de n\u00edvel m\u00e9dio, o maior sal\u00e1rio ser\u00e1 o de agente de atividades agropecu\u00e1rias, do Minist\u00e9rio da Agricultura (Mapa), com remunera\u00e7\u00e3o inicial de at\u00e9 R$ 8.400. Nesta categoria, ser\u00e3o cinco carreiras com postos dispon\u00edveis, totalizando 692 vagas.<\/p>\n\n\n\n<p><strong>1. Auditor-fiscal do trabalho \u2013 R$ 22.921,71<\/strong><\/p>\n\n\n\n<ul class=\"wp-block-list\">\n<li><strong>Em qual \u00f3rg\u00e3o?<\/strong>&nbsp;Minist\u00e9rio do Trabalho e Emprego (MTE)<\/li>\n\n\n\n<li><strong>Quantas vagas?&nbsp;<\/strong>900 vagas<\/li>\n<\/ul>\n\n\n\n<p><strong>2. Especialistas em pol\u00edticas p\u00fablicas e gest\u00e3o governamental \u2013 R$ 20.924,80<\/strong><\/p>\n\n\n\n<ul class=\"wp-block-list\">\n<li><strong>Em qual \u00f3rg\u00e3o?&nbsp;<\/strong>Minist\u00e9rio da Gest\u00e3o e da Inova\u00e7\u00e3o em Servi\u00e7os P\u00fablicos (MGI)<\/li>\n\n\n\n<li><strong>Quantas vagas?<\/strong>&nbsp;150 vagas<\/li>\n<\/ul>\n\n\n\n<p><strong>3. Analista de com\u00e9rcio exterior \u2013 R$ 20.924,80<\/strong><\/p>\n\n\n\n<ul class=\"wp-block-list\">\n<li><strong>Em qual \u00f3rg\u00e3o?<\/strong>&nbsp;Minist\u00e9rio do Desenvolvimento, Ind\u00fastria, Com\u00e9rcio e Servi\u00e7os (MDIC)<\/li>\n\n\n\n<li><strong>Quantas vagas?<\/strong>&nbsp;50 vagas<\/li>\n<\/ul>\n\n\n\n<p><strong>4. Especialista em regula\u00e7\u00e3o de servi\u00e7os de transportes aquavi\u00e1rios \u2013 R$ 16.413,35<\/strong><\/p>\n\n\n\n<ul class=\"wp-block-list\">\n<li><strong>Em qual \u00f3rg\u00e3o?&nbsp;<\/strong>Ag\u00eancia Nacional de Transportes Aquavi\u00e1rios (Antaq)<\/li>\n\n\n\n<li><strong>Quantas vagas?&nbsp;<\/strong>30 vagas<\/li>\n<\/ul>\n\n\n\n<p><strong>5. Especialista em regula\u00e7\u00e3o de servi\u00e7os p\u00fablicos de energia \u2013 R$ 16.413,35<\/strong><\/p>\n\n\n\n<ul class=\"wp-block-list\">\n<li><strong>Em qual \u00f3rg\u00e3o?<\/strong>&nbsp;Ag\u00eancia Nacional de Energia El\u00e9trica (Aneel)<\/li>\n\n\n\n<li><strong>Quantas vagas?<\/strong>&nbsp;40 vagas<\/li>\n<\/ul>\n\n\n\n<p><strong>6. Especialista em regula\u00e7\u00e3o de sa\u00fade suplementar \u2013 R$ 16.413,35<\/strong><\/p>\n\n\n\n<ul class=\"wp-block-list\">\n<li><strong>Em qual \u00f3rg\u00e3o?<\/strong>&nbsp;Ag\u00eancia Nacional de Sa\u00fade Suplementar (ANS)<\/li>\n\n\n\n<li><strong>Quantas vagas?<\/strong>&nbsp;35 vagas<\/li>\n<\/ul>\n\n\n\n<p><strong>7. Analista de infraestrutura \u2013 R$ 16.112,70<\/strong><\/p>\n\n\n\n<ul class=\"wp-block-list\">\n<li><strong>Em qual \u00f3rg\u00e3o?&nbsp;<\/strong>Minist\u00e9rio da Gest\u00e3o e da Inova\u00e7\u00e3o em Servi\u00e7os P\u00fablicos (MGI)<\/li>\n\n\n\n<li><strong>Quantas vagas?<\/strong>&nbsp;300 vagas<\/li>\n<\/ul>\n\n\n\n<p><strong>8. Especialista em previd\u00eancia complementar \u2013 R$ 15.904,49<\/strong><\/p>\n\n\n\n<ul class=\"wp-block-list\">\n<li><strong>Em qual \u00f3rg\u00e3o?&nbsp;<\/strong>Superintend\u00eancia Nacional de Previd\u00eancia Complementar (Previc)<\/li>\n\n\n\n<li><strong>Quantas vagas?<\/strong>&nbsp;25 vagas<\/li>\n<\/ul>\n\n\n\n<p><strong>9. Auditor-fiscal federal agropecu\u00e1rio \u2013 R$ 15.897,33<\/strong><\/p>\n\n\n\n<ul class=\"wp-block-list\">\n<li><strong>Em qual \u00f3rg\u00e3o?&nbsp;<\/strong>Minist\u00e9rio da Agricultura e Pecu\u00e1ria (Mapa)<\/li>\n\n\n\n<li><strong>Quantas vagas?<\/strong>&nbsp;200 vagas<\/li>\n<\/ul>\n\n\n\n<p><strong>10. Analista administrativo \u2013 R$ 14.583,49<\/strong><\/p>\n\n\n\n<ul class=\"wp-block-list\">\n<li><strong>Em qual \u00f3rg\u00e3o?<\/strong>&nbsp;Superintend\u00eancia Nacional de Previd\u00eancia Complementar (Previc)<\/li>\n\n\n\n<li><strong>Quantas vagas?<\/strong>&nbsp;15 vagas<\/li>\n<\/ul>\n\n\n\n<h2 class=\"wp-block-heading\"><strong>Veja os sal\u00e1rios de n\u00edvel m\u00e9dio<\/strong><\/h2>\n\n\n\n<p>1.&nbsp;<strong>Agente de atividades agropecu\u00e1rias&nbsp;<\/strong>\u2013 R$ 8.469,89<\/p>\n\n\n\n<ul class=\"wp-block-list\">\n<li><strong>Em qual \u00f3rg\u00e3o?&nbsp;<\/strong>Minist\u00e9rio da Agricultura e Pecu\u00e1ria (Mapa)<\/li>\n\n\n\n<li><strong>Quantas vagas?&nbsp;<\/strong>100 vagas<\/li>\n<\/ul>\n\n\n\n<p><strong>2. Agente de inspe\u00e7\u00e3o sanit\u00e1ria e industrial de produtos de origem animal \u2013 R$ 8.469,89<\/strong><\/p>\n\n\n\n<ul class=\"wp-block-list\">\n<li><strong>Em qual \u00f3rg\u00e3o?<\/strong>&nbsp;Minist\u00e9rio da Agricultura e Pecu\u00e1ria (Mapa)<\/li>\n\n\n\n<li><strong>Quantas vagas?<\/strong>&nbsp;100 vagas<\/li>\n<\/ul>\n\n\n\n<p><strong>3. T\u00e9cnico de laborat\u00f3rio \u2013 R$8.469,89<\/strong><\/p>\n\n\n\n<ul class=\"wp-block-list\">\n<li><strong>Em qual \u00f3rg\u00e3o?&nbsp;<\/strong>Minist\u00e9rio da Agricultura e Pecu\u00e1ria (Mapa)<\/li>\n\n\n\n<li><strong>Quantas vagas?<\/strong>&nbsp;40 vagas<\/li>\n<\/ul>\n\n\n\n<p><strong>4. Agente em indigenismo \u2013 R$ 7.296,37<\/strong><\/p>\n\n\n\n<ul class=\"wp-block-list\">\n<li><strong>Em qual \u00f3rg\u00e3o?<\/strong>&nbsp;Funda\u00e7\u00e3o Nacional dos Povos Ind\u00edgenas (Funai)<\/li>\n\n\n\n<li><strong>Quantas vagas?&nbsp;<\/strong>152 vagas<\/li>\n<\/ul>\n\n\n\n<p><strong>5. T\u00e9cnico em informa\u00e7\u00f5es geogr\u00e1ficas e estat\u00edsticas \u2013 R$ 5.866,69<\/strong><\/p>\n\n\n\n<ul class=\"wp-block-list\">\n<li><strong>Em qual \u00f3rg\u00e3o?&nbsp;<\/strong>Instituto Brasileiro de Geografia e Estat\u00edstica (IBGE)<\/li>\n\n\n\n<li><strong>Quantas vagas?<\/strong>&nbsp;300 vagas<\/li>\n<\/ul>\n\n\n\n<p>A prova est\u00e1 marcada para ser aplicada no<strong>&nbsp;dia 5 de maio<\/strong>. Ser\u00e1 a primeira vez em que esse modelo ser\u00e1 aplicado, simultaneamente em 220 cidades do pa\u00eds (veja a lista abaixo).<\/p>\n\n\n\n<p>O edital traz informa\u00e7\u00f5es sobre conte\u00fado das provas, crit\u00e9rios de classifica\u00e7\u00e3o e desclassifica\u00e7\u00e3o, lista de espera, cadastro de reserva, validade do certame e composi\u00e7\u00e3o das notas finais.<\/p>\n\n\n\n<h2 class=\"wp-block-heading\">Tire suas d\u00favidas<\/h2>\n\n\n\n<h2 class=\"wp-block-heading\">Como o concurso ser\u00e1 organizado?<\/h2>\n\n\n\n<p>Uma das informa\u00e7\u00f5es trazidas pelos editais \u00e9 a divis\u00e3o das vagas em oito \u201cblocos tem\u00e1ticos\u201d, agrupando cargos correlatos, ainda que em diferentes \u00f3rg\u00e3os.<\/p>\n\n\n\n<ul class=\"wp-block-list\">\n<li>Bloco 1 \u2013 Infraestrutura, Exatas e Engenharia<\/li>\n\n\n\n<li>Bloco 2 \u2013 Tecnologia, Dados e Informa\u00e7\u00f5es<\/li>\n\n\n\n<li>Bloco 3 \u2013 Ambiental, Agr\u00e1rio e Biol\u00f3gicas<\/li>\n\n\n\n<li>Bloco 4 \u2013 Trabalho e Sa\u00fade do Servidor<\/li>\n\n\n\n<li>Bloco 5 \u2013 Educa\u00e7\u00e3o, Sa\u00fade, Desenvolvimento Social e Direitos Humanos<\/li>\n\n\n\n<li>Bloco 6 \u2013 Setores Econ\u00f4micos e Regula\u00e7\u00e3o<\/li>\n\n\n\n<li>Bloco 7 \u2013 Gest\u00e3o Governamental e Administra\u00e7\u00e3o P\u00fablica<\/li>\n\n\n\n<li>Bloco 8 \u2013 N\u00edvel intermedi\u00e1rio<\/li>\n<\/ul>\n\n\n\n<h2 class=\"wp-block-heading\">O participante se inscrever\u00e1 por bloco?<\/h2>\n\n\n\n<p>Sim. No momento da inscri\u00e7\u00e3o, os candidatos dever\u00e3o optar por uma das oito \u00e1reas de atua\u00e7\u00e3o e depois indicar o cargo por ordem de prefer\u00eancia entre as vagas dispon\u00edveis no bloco escolhido. Ou seja, os participantes v\u00e3o concorrer a mais de um cargo, dentro da \u00e1rea escolhida.<\/p>\n\n\n\n<p>Apesar da perspectiva que os candidatos possam concorrer em todas as vagas de cada bloco, a classifica\u00e7\u00e3o, na pr\u00e1tica, vai depender da exig\u00eancia do diploma para a vaga. Ou seja, a gradua\u00e7\u00e3o e a especialidade ser\u00e3o os crit\u00e9rios de corte dentro dos blocos. O candidato poder\u00e1 trocar de bloco ao longo do processo de inscri\u00e7\u00e3o.<\/p>\n\n\n\n<h2 class=\"wp-block-heading\">Qual o cronograma previsto?<\/h2>\n\n\n\n<ul class=\"wp-block-list\">\n<li><strong>10 de janeiro:&nbsp;<\/strong>publica\u00e7\u00e3o do edital<\/li>\n\n\n\n<li><strong>19 de janeiro a 9 de fevereiro:&nbsp;<\/strong>inscri\u00e7\u00f5es<\/li>\n\n\n\n<li><strong>5 de maio:<\/strong>&nbsp;aplica\u00e7\u00e3o das provas<\/li>\n\n\n\n<li><strong>30 de julho:&nbsp;<\/strong>divulga\u00e7\u00e3o final dos resultados<\/li>\n\n\n\n<li><strong>5 de agosto:&nbsp;<\/strong>in\u00edcio da convoca\u00e7\u00e3o para posse e cursos de forma\u00e7\u00e3o<\/li>\n<\/ul>\n\n\n\n<h2 class=\"wp-block-heading\">Qual ser\u00e1 a taxa?<\/h2>\n\n\n\n<p>A taxa custar\u00e1 R$ 60, para as vagas de n\u00edvel m\u00e9dio, e R$ 80, para os postos de n\u00edvel superior. H\u00e1 isen\u00e7\u00e3o para candidatos da baixa renda inscritos no Cadastro \u00danico (Cad\u00danico), assim como para benefici\u00e1rios do Bolsa Fam\u00edlia.<\/p>\n\n\n\n<h2 class=\"wp-block-heading\">Como ser\u00e3o as provas do Concurso Nacional Unificado?<\/h2>\n\n\n\n<p>Haver\u00e1 duas etapas. A primeira incluir\u00e1 provas objetivas comuns a todos os candidatos. A segunda ser\u00e1 com provas espec\u00edficas (objetivas e dissertativas) do bloco escolhido pelo candidato.<\/p>\n\n\n\n<h2 class=\"wp-block-heading\">Quem vai definir as provas espec\u00edficas?<\/h2>\n\n\n\n<p>As comiss\u00f5es organizadoras de cada \u00f3rg\u00e3o e entidades p\u00fablicas que aderiram ao Concurso Nacional Unificado.<\/p>\n\n\n\n<h2 class=\"wp-block-heading\">Quais as cidades?<\/h2>\n\n\n\n<p>Com a justificativa de poss\u00edvel \u201csobrecarrega\u201d no tr\u00e2nsito nas capitais no dia da aplica\u00e7\u00e3o da prova, entraram mais tr\u00eas munic\u00edpios: Blumenau (SC), Petr\u00f3polis (RJ) e Santos (SP). Assim a lista foi ampliada para 220. Veja abaixo.<\/p>\n\n\n\n<p>Clique<a href=\"https:\/\/flo.uri.sh\/visualisation\/15970142\/embed\" target=\"_blank\" rel=\"noreferrer noopener\">&nbsp;aqui<\/a> para ver a lista.<\/p>\n\n\n\n<p><strong>Extra\/Globo<\/strong><\/p>\n\n\n\n<p><strong><em>Terra Brasil Not\u00edcias<\/em><\/strong><\/p>\n","protected":false},"excerpt":{"rendered":"<p>O governo federal divulgou, nesta quarta-feira (dia 10), os editais do Concurso P\u00fablico Nacional Unificado, batizado informalmente de \u201cEnem dos<\/p>\n","protected":false},"author":1,"featured_media":4443,"comment_status":"open","ping_status":"open","sticky":false,"template":"","format":"standard","meta":{"footnotes":""},"categories":[2],"tags":[],"class_list":["post-4442","post","type-post","status-publish","format-standard","has-post-thumbnail","hentry","category-noticias"],"_links":{"self":[{"href":"https:\/\/jornaloalvorada.com.br\/site\/wp-json\/wp\/v2\/posts\/4442","targetHints":{"allow":["GET"]}}],"collection":[{"href":"https:\/\/jornaloalvorada.com.br\/site\/wp-json\/wp\/v2\/posts"}],"about":[{"href":"https:\/\/jornaloalvorada.com.br\/site\/wp-json\/wp\/v2\/types\/post"}],"author":[{"embeddable":true,"href":"https:\/\/jornaloalvorada.com.br\/site\/wp-json\/wp\/v2\/users\/1"}],"replies":[{"embeddable":true,"href":"https:\/\/jornaloalvorada.com.br\/site\/wp-json\/wp\/v2\/comments?post=4442"}],"version-history":[{"count":1,"href":"https:\/\/jornaloalvorada.com.br\/site\/wp-json\/wp\/v2\/posts\/4442\/revisions"}],"predecessor-version":[{"id":4444,"href":"https:\/\/jornaloalvorada.com.br\/site\/wp-json\/wp\/v2\/posts\/4442\/revisions\/4444"}],"wp:featuredmedia":[{"embeddable":true,"href":"https:\/\/jornaloalvorada.com.br\/site\/wp-json\/wp\/v2\/media\/4443"}],"wp:attachment":[{"href":"https:\/\/jornaloalvorada.com.br\/site\/wp-json\/wp\/v2\/media?parent=4442"}],"wp:term":[{"taxonomy":"category","embeddable":true,"href":"https:\/\/jornaloalvorada.com.br\/site\/wp-json\/wp\/v2\/categories?post=4442"},{"taxonomy":"post_tag","embeddable":true,"href":"https:\/\/jornaloalvorada.com.br\/site\/wp-json\/wp\/v2\/tags?post=4442"}],"curies":[{"name":"wp","href":"https:\/\/api.w.org\/{rel}","templated":true}]}}