{"id":4439,"date":"2024-01-11T10:56:45","date_gmt":"2024-01-11T14:56:45","guid":{"rendered":"https:\/\/jornaloalvorada.com.br\/site\/?p=4439"},"modified":"2024-01-11T17:06:54","modified_gmt":"2024-01-11T21:06:54","slug":"bomba-lula-declara-guerra-contra-israel-entenda","status":"publish","type":"post","link":"https:\/\/jornaloalvorada.com.br\/site\/2024\/01\/11\/bomba-lula-declara-guerra-contra-israel-entenda\/","title":{"rendered":"BOMBA: Lula declara \u201cguerra\u201d contra Israel; Entenda"},"content":{"rendered":"\n<p>O governo Luiz In\u00e1cio Lula da Silva decidiu nesta quarta-feira, dia 10, subscrever a den\u00fancia por genoc\u00eddio contra o Estado de Israel, na Corte Internacional de Justi\u00e7a, em Haia. Mais cedo, o presidente recebeu no Pal\u00e1cio do Planalto a visita do embaixador palestino em Bras\u00edlia, Ibrahim Alzeben, que pediu o apoio brasileiro na corte internacional. A decis\u00e3o \u00e9 mais um gesto diplom\u00e1tico duro de rep\u00fadio do governo Lula a Israel e foi criticada pela comunidade judaica brasileira. O caso come\u00e7ar\u00e1 a ser julgado nesta quinta-feira, 11.<\/p>\n\n\n\n<p>A Confedera\u00e7\u00e3o Israelita do Brasil (Conib) condenou o apoio brasileiro ao que chamou de a\u00e7\u00e3o \u201cc\u00ednica e perversa, que visa impedir Israel de se defender dos seus inimigos genocidas\u201d. A nota afirma que a decis\u00e3o \u201cdiverge da posi\u00e7\u00e3o de equil\u00edbrio e modera\u00e7\u00e3o da pol\u00edtica externa brasileira\u201d. O texto segue dizendo que a \u00c1frica do Sul \u201cinverte a realidade\u201d e lembra que o conflitou foi desencadeado pelo ataque do Hamas.<\/p>\n\n\n\n<p>J\u00e1 a nota divulgada pelo Itamaraty afirma que \u201c\u00e0 luz das flagrantes viola\u00e7\u00f5es ao direito internacional humanit\u00e1rio, o presidente manifestou seu apoio \u00e0 iniciativa da \u00c1frica do Sul de acionar a Corte Internacional de Justi\u00e7a para que determine que Israel cesse imediatamente todos os atos e medidas que possam constituir genoc\u00eddio ou crimes relacionados nos termos da Conven\u00e7\u00e3o para a Preven\u00e7\u00e3o e Repress\u00e3o do Crime de Genoc\u00eddio\u201d.<\/p>\n\n\n\n<p>Lula j\u00e1 tinha dado diversas declara\u00e7\u00f5es controversas a respeito da resposta militar de Israel, o que provocou desgaste diplom\u00e1tico. O presidente j\u00e1 vinha usando a palavra \u201cgenoc\u00eddio\u201d para descrever a guerra em Gaza e chegou a comparar os ataques terroristas do Hamas \u00e0s incurs\u00f5es e bombardeios promovidos pelas For\u00e7as de Defesa de Israel. Ao receber o primeiro grupo de brasileiros repatriados de Gaza, Lula acusou Israel de tamb\u00e9m praticar \u201cterrorismo\u201d.<\/p>\n\n\n\n<p>As declara\u00e7\u00f5es de Lula estremeceram a rela\u00e7\u00e3o do governo com a comunidade judaica. Entidades como a Conib, o Instituto Brasil Israel e a ONG StandWithUs Brasil criticaram no ano passado as posi\u00e7\u00f5es do petista sobre o conflito.<\/p>\n\n\n\n<p>Ap\u00f3s o encontro, o embaixador relatou o pedido a Lula, mas disse que o presidente n\u00e3o manifestara uma decis\u00e3o durante a audi\u00eancia. A den\u00fancia sul-africana, protocolada em dezembro, j\u00e1 recebeu apoio de pa\u00edses como a Bol\u00edvia. Tamb\u00e9m participaram o ministro das Rela\u00e7\u00f5es Exteriores, Mauro Vieira, e o assessor especial Celso Amorim.<\/p>\n\n\n\n<p>Segundo o embaixador disse que est\u00e1 \u201cmuito satisfeito\u201d.<\/p>\n\n\n\n<p>\u201dSolicitamos sim o apoio do Brasil a esta iniciativa da \u00c1frica do Sul que tem como objetivo por fim ao genoc\u00eddio contra o povo Palestino e libertar tanto Israel deste epis\u00f3dio quanto a popula\u00e7\u00e3o palestina. Eles est\u00e3o estudando. O Brasil est\u00e1 representando com o juiz Nemer Caldeira<em>&nbsp;(Leonardo Nemer Caldeira Brant)<\/em>, que est\u00e1 l\u00e1&nbsp;<em>(na Corte).<\/em>&nbsp;A posi\u00e7\u00e3o do Brasil est\u00e1 clara: condenar qualquer tipo de genoc\u00eddio contra qualquer ser humano. A pior gest\u00e3o \u00e9 a que n\u00e3o se faz. N\u00f3s fazemos e apoiamos essa iniciativa. N\u00f3s somos quem paga o maior pre\u00e7o. O genoc\u00eddio tem que parar de qualquer maneira, com apoio internacional. Chega. J\u00e1 s\u00e3o 95 dias de genoc\u00eddio, de bombardeio. A Faixa de Gaza ficou praticamente inviv\u00edvel\u201d, disse Alzeben.<\/p>\n\n\n\n<p>Segundo o Pal\u00e1cio do Planalto, o presidente disse ao embaixador que o Brasil condenou os ataques terroristas do Hamas, em 7 de outubro do ano passado. \u201cReiterou, contudo, que tais atos n\u00e3o justificam o uso indiscriminado, recorrente e desproporcional de for\u00e7a por Israel contra civis\u201d, afirmou o governo.<\/p>\n\n\n\n<p>Em nota, citando os n\u00fameros divulgados pelo Minist\u00e9rio da Sa\u00fade de Gaza, que \u00e9 controlado pelo grupo terrorista Hamas e n\u00e3o podem ser verificados de maneira independente, o governo brasileiro diz que a guerra deixou mais de 23 mil mortos \u2013 70% deles mulheres e crian\u00e7as \u2013 e que h\u00e1 7 mil pessoas desaparecidas. \u201cMais de 80% da popula\u00e7\u00e3o foi objeto de transfer\u00eancia for\u00e7ada e os sistemas de sa\u00fade, de fornecimento de \u00e1gua, energia e alimentos est\u00e3o colapsados, o que caracteriza puni\u00e7\u00e3o coletiva\u201d, disse o Minist\u00e9rio das Rela\u00e7\u00f5es Exteriores.<\/p>\n\n\n\n<p>O Itamaraty voltou a dizer que o Brasil apoia a solu\u00e7\u00e3o de dois Estados \u201ccom um Estado Palestino economicamente vi\u00e1vel convivendo lado a lado com Israel, em paz e seguran\u00e7a, dentro de fronteiras mutuamente acordadas e internacionalmente reconhecidas, que incluem a Faixa de Gaza e a Cisjord\u00e2nia, tendo Jerusal\u00e9m Oriental como sua capital\u201d.<\/p>\n\n\n\n<p><strong><em>Fonte: Terra Brasil Not\u00edcias<\/em><\/strong><\/p>\n","protected":false},"excerpt":{"rendered":"<p>O governo Luiz In\u00e1cio Lula da Silva decidiu nesta quarta-feira, dia 10, subscrever a den\u00fancia por genoc\u00eddio contra o Estado<\/p>\n","protected":false},"author":1,"featured_media":4440,"comment_status":"open","ping_status":"open","sticky":false,"template":"","format":"standard","meta":{"footnotes":""},"categories":[2],"tags":[],"class_list":["post-4439","post","type-post","status-publish","format-standard","has-post-thumbnail","hentry","category-noticias"],"_links":{"self":[{"href":"https:\/\/jornaloalvorada.com.br\/site\/wp-json\/wp\/v2\/posts\/4439","targetHints":{"allow":["GET"]}}],"collection":[{"href":"https:\/\/jornaloalvorada.com.br\/site\/wp-json\/wp\/v2\/posts"}],"about":[{"href":"https:\/\/jornaloalvorada.com.br\/site\/wp-json\/wp\/v2\/types\/post"}],"author":[{"embeddable":true,"href":"https:\/\/jornaloalvorada.com.br\/site\/wp-json\/wp\/v2\/users\/1"}],"replies":[{"embeddable":true,"href":"https:\/\/jornaloalvorada.com.br\/site\/wp-json\/wp\/v2\/comments?post=4439"}],"version-history":[{"count":1,"href":"https:\/\/jornaloalvorada.com.br\/site\/wp-json\/wp\/v2\/posts\/4439\/revisions"}],"predecessor-version":[{"id":4441,"href":"https:\/\/jornaloalvorada.com.br\/site\/wp-json\/wp\/v2\/posts\/4439\/revisions\/4441"}],"wp:featuredmedia":[{"embeddable":true,"href":"https:\/\/jornaloalvorada.com.br\/site\/wp-json\/wp\/v2\/media\/4440"}],"wp:attachment":[{"href":"https:\/\/jornaloalvorada.com.br\/site\/wp-json\/wp\/v2\/media?parent=4439"}],"wp:term":[{"taxonomy":"category","embeddable":true,"href":"https:\/\/jornaloalvorada.com.br\/site\/wp-json\/wp\/v2\/categories?post=4439"},{"taxonomy":"post_tag","embeddable":true,"href":"https:\/\/jornaloalvorada.com.br\/site\/wp-json\/wp\/v2\/tags?post=4439"}],"curies":[{"name":"wp","href":"https:\/\/api.w.org\/{rel}","templated":true}]}}