{"id":4430,"date":"2024-01-11T08:56:56","date_gmt":"2024-01-11T12:56:56","guid":{"rendered":"https:\/\/jornaloalvorada.com.br\/site\/?p=4430"},"modified":"2024-01-11T17:08:07","modified_gmt":"2024-01-11T21:08:07","slug":"temperaturas-maximas-diminuem-mas-sol-com-nebulosidade-permanece-no-ceu-de-mato-grosso-do-sul","status":"publish","type":"post","link":"https:\/\/jornaloalvorada.com.br\/site\/2024\/01\/11\/temperaturas-maximas-diminuem-mas-sol-com-nebulosidade-permanece-no-ceu-de-mato-grosso-do-sul\/","title":{"rendered":"Temperaturas m\u00e1ximas diminuem, mas sol com nebulosidade permanece no c\u00e9u de Mato Grosso do Sul"},"content":{"rendered":"\n<p>A previs\u00e3o do tempo do Cemtec (Centro de Monitoramento do Tempo e do Clima) para esta quinta-feira (10) indica a continuidade de sol com varia\u00e7\u00e3o de nebulosidade e probabilidade para chuvas de intensidade fraca a moderada em Mato Grosso do Sul. Al\u00e9m disso, a previs\u00e3o \u00e9 de que tamb\u00e9m haja pequena queda na temperatura m\u00e1ximas registrada.<\/p>\n\n\n\n<p>De acordo com a meteorologista e coordenadora do Cemtec, Valesca Fernandes, pontualmente podem acontecer chuvas mais intensas e tempestades acompanhadas de raios e rajadas de vento. &#8220;Essas instabilidades atmosf\u00e9ricas ocorrem devido ao intenso transporte de calor e umidade juntamente com a aproxima\u00e7\u00e3o de uma frente fria&#8221;, destaca a especialista.<\/p>\n\n\n\n<p>Al\u00e9m disso, o aquecimento diurno, o deslocamento de cavados e a atua\u00e7\u00e3o de uma \u00e1rea de baixa press\u00e3o atmosf\u00e9rica favorecem a forma\u00e7\u00e3o de nuvens e chuvas no Estado.<\/p>\n\n\n\n<p>Em grande parte do Estado as temperaturas m\u00ednimas variam entre 23\u00b0C e 26\u00b0C e a m\u00e1xima pode atingir os 35\u00b0C. Contudo, em especial na regi\u00e3o sudeste a m\u00ednima varia entre 28\u00b0C e 39\u00b0C. J\u00e1 em Campo Grande os term\u00f4metros varia entre 23\u00b0C e 32\u00b0C.<\/p>\n\n\n\n<p>Os ventos atuam do quadrante norte com velocidade entre 40 km\/h e 60 km\/h, girando para o quadrante sul ao longo desta quinta-feira, mantendo a mesma velocidade prevista. Pontualmente, as rajadas podem ultrapassar esse velocidade de 60 km\/h.<\/p>\n\n\n\n<figure class=\"wp-block-image\"><a href=\"https:\/\/agenciadenoticias.ms.gov.br\/wp-content\/uploads\/2024\/01\/WhatsApp-Image-2024-01-08-at-09.31.21-2.jpeg\"><img decoding=\"async\" src=\"https:\/\/agenciadenoticias.ms.gov.br\/wp-content\/uploads\/2024\/01\/WhatsApp-Image-2024-01-08-at-09.31.21-2-1024x724.jpeg\" alt=\"\"\/><\/a><\/figure>\n\n\n\n<p><em>Comunica\u00e7\u00e3o Governo de MS<\/em><br><em>Foto: \u00c1lvaro Rezende<\/em><\/p>\n","protected":false},"excerpt":{"rendered":"<p>A previs\u00e3o do tempo do Cemtec (Centro de Monitoramento do Tempo e do Clima) para esta quinta-feira (10) indica a<\/p>\n","protected":false},"author":1,"featured_media":4431,"comment_status":"open","ping_status":"open","sticky":false,"template":"","format":"standard","meta":{"footnotes":""},"categories":[2],"tags":[],"class_list":["post-4430","post","type-post","status-publish","format-standard","has-post-thumbnail","hentry","category-noticias"],"_links":{"self":[{"href":"https:\/\/jornaloalvorada.com.br\/site\/wp-json\/wp\/v2\/posts\/4430","targetHints":{"allow":["GET"]}}],"collection":[{"href":"https:\/\/jornaloalvorada.com.br\/site\/wp-json\/wp\/v2\/posts"}],"about":[{"href":"https:\/\/jornaloalvorada.com.br\/site\/wp-json\/wp\/v2\/types\/post"}],"author":[{"embeddable":true,"href":"https:\/\/jornaloalvorada.com.br\/site\/wp-json\/wp\/v2\/users\/1"}],"replies":[{"embeddable":true,"href":"https:\/\/jornaloalvorada.com.br\/site\/wp-json\/wp\/v2\/comments?post=4430"}],"version-history":[{"count":1,"href":"https:\/\/jornaloalvorada.com.br\/site\/wp-json\/wp\/v2\/posts\/4430\/revisions"}],"predecessor-version":[{"id":4432,"href":"https:\/\/jornaloalvorada.com.br\/site\/wp-json\/wp\/v2\/posts\/4430\/revisions\/4432"}],"wp:featuredmedia":[{"embeddable":true,"href":"https:\/\/jornaloalvorada.com.br\/site\/wp-json\/wp\/v2\/media\/4431"}],"wp:attachment":[{"href":"https:\/\/jornaloalvorada.com.br\/site\/wp-json\/wp\/v2\/media?parent=4430"}],"wp:term":[{"taxonomy":"category","embeddable":true,"href":"https:\/\/jornaloalvorada.com.br\/site\/wp-json\/wp\/v2\/categories?post=4430"},{"taxonomy":"post_tag","embeddable":true,"href":"https:\/\/jornaloalvorada.com.br\/site\/wp-json\/wp\/v2\/tags?post=4430"}],"curies":[{"name":"wp","href":"https:\/\/api.w.org\/{rel}","templated":true}]}}