{"id":4359,"date":"2024-01-10T08:05:34","date_gmt":"2024-01-10T12:05:34","guid":{"rendered":"https:\/\/jornaloalvorada.com.br\/site\/?p=4359"},"modified":"2024-01-11T17:08:37","modified_gmt":"2024-01-11T21:08:37","slug":"sol-com-nebulosidade-e-previsto-pelo-cemtec-para-mato-grosso-do-sul-nesta-quarta-feira","status":"publish","type":"post","link":"https:\/\/jornaloalvorada.com.br\/site\/2024\/01\/10\/sol-com-nebulosidade-e-previsto-pelo-cemtec-para-mato-grosso-do-sul-nesta-quarta-feira\/","title":{"rendered":"Sol com nebulosidade \u00e9 previsto pelo Cemtec para Mato Grosso do Sul nesta quarta-feira"},"content":{"rendered":"\n<p>A previs\u00e3o do tempo do Cemtec (Centro de Monitoramento do Tempo e do Clima) para esta quarta-feira (10) indica sol com varia\u00e7\u00e3o de nebulosidade e probabilidade para chuvas de intensidade fraca a moderada em Mato Grosso do Sul.<\/p>\n\n\n\n<p>Pontualmente, podem acontecer chuvas mais intensas e tempestades acompanhadas de raios e<br>rajadas de vento, explica a coordenadora do Cemtec, a meteorologista Valesca Fernandes. \u201cEssas instabilidades atmosf\u00e9ricas ocorrem devido ao intenso transporte de calor e umidade juntamente com a aproxima\u00e7\u00e3o de uma frente fria\u201d, comenta a profissional.<\/p>\n\n\n\n<p>Al\u00e9m disso, o aquecimento diurno, o deslocamento de cavados e a atua\u00e7\u00e3o de uma \u00e1rea de baixa press\u00e3o atmosf\u00e9rica favorecem a forma\u00e7\u00e3o de nuvens e chuvas no Estado.<\/p>\n\n\n\n<p>S\u00e3o esperadas temperaturas 24\u00b0C e 38\u00b0C nas regi\u00f5es sul, leste, pantaneira e norte. Para a regi\u00e3o sudoeste, esperam-se altas temperaturas, com m\u00ednima de 27\u00b0C e m\u00e1ximas de at\u00e9 40\u00b0C. Para a regi\u00e3o do Bols\u00e3o, m\u00ednima de 23\u00b0C e m\u00e1xima de at\u00e9 37\u00b0C.<\/p>\n\n\n\n<p>Em Campo Grande, s\u00e3o esperadas temperaturas entre 25\u00b0C e 34\u00b0C. J\u00e1 os ventos atuam do quadrante norte com velocidade entre 40 km\/h e 60 km\/h. Pontualmente, as rajadas podem ultrapassar esse valor.<\/p>\n\n\n\n<figure class=\"wp-block-image\"><a href=\"https:\/\/agenciadenoticias.ms.gov.br\/wp-content\/uploads\/2024\/01\/WhatsApp-Image-2024-01-08-at-09.31.21-1.jpeg\" target=\"_blank\" rel=\"noreferrer noopener\"><img decoding=\"async\" src=\"https:\/\/agenciadenoticias.ms.gov.br\/wp-content\/uploads\/2024\/01\/WhatsApp-Image-2024-01-08-at-09.31.21-1-1024x724.jpeg\" alt=\"\"\/><\/a><\/figure>\n\n\n\n<p><em>Comunica\u00e7\u00e3o Governo de MS<\/em><br><em>Foto: \u00c1lvaro Rezende<\/em><\/p>\n","protected":false},"excerpt":{"rendered":"<p>A previs\u00e3o do tempo do Cemtec (Centro de Monitoramento do Tempo e do Clima) para esta quarta-feira (10) indica sol<\/p>\n","protected":false},"author":1,"featured_media":2427,"comment_status":"open","ping_status":"open","sticky":false,"template":"","format":"standard","meta":{"footnotes":""},"categories":[2],"tags":[],"class_list":["post-4359","post","type-post","status-publish","format-standard","has-post-thumbnail","hentry","category-noticias"],"_links":{"self":[{"href":"https:\/\/jornaloalvorada.com.br\/site\/wp-json\/wp\/v2\/posts\/4359","targetHints":{"allow":["GET"]}}],"collection":[{"href":"https:\/\/jornaloalvorada.com.br\/site\/wp-json\/wp\/v2\/posts"}],"about":[{"href":"https:\/\/jornaloalvorada.com.br\/site\/wp-json\/wp\/v2\/types\/post"}],"author":[{"embeddable":true,"href":"https:\/\/jornaloalvorada.com.br\/site\/wp-json\/wp\/v2\/users\/1"}],"replies":[{"embeddable":true,"href":"https:\/\/jornaloalvorada.com.br\/site\/wp-json\/wp\/v2\/comments?post=4359"}],"version-history":[{"count":1,"href":"https:\/\/jornaloalvorada.com.br\/site\/wp-json\/wp\/v2\/posts\/4359\/revisions"}],"predecessor-version":[{"id":4360,"href":"https:\/\/jornaloalvorada.com.br\/site\/wp-json\/wp\/v2\/posts\/4359\/revisions\/4360"}],"wp:featuredmedia":[{"embeddable":true,"href":"https:\/\/jornaloalvorada.com.br\/site\/wp-json\/wp\/v2\/media\/2427"}],"wp:attachment":[{"href":"https:\/\/jornaloalvorada.com.br\/site\/wp-json\/wp\/v2\/media?parent=4359"}],"wp:term":[{"taxonomy":"category","embeddable":true,"href":"https:\/\/jornaloalvorada.com.br\/site\/wp-json\/wp\/v2\/categories?post=4359"},{"taxonomy":"post_tag","embeddable":true,"href":"https:\/\/jornaloalvorada.com.br\/site\/wp-json\/wp\/v2\/tags?post=4359"}],"curies":[{"name":"wp","href":"https:\/\/api.w.org\/{rel}","templated":true}]}}