{"id":4350,"date":"2024-01-09T08:35:42","date_gmt":"2024-01-09T12:35:42","guid":{"rendered":"https:\/\/jornaloalvorada.com.br\/site\/?p=4350"},"modified":"2024-01-11T17:07:01","modified_gmt":"2024-01-11T21:07:01","slug":"terca-feira-segue-com-temperaturas-altas-e-chuvas-pontuais-em-mato-grosso-do-sul","status":"publish","type":"post","link":"https:\/\/jornaloalvorada.com.br\/site\/2024\/01\/09\/terca-feira-segue-com-temperaturas-altas-e-chuvas-pontuais-em-mato-grosso-do-sul\/","title":{"rendered":"Ter\u00e7a-feira segue com temperaturas altas e chuvas pontuais em Mato Grosso do Sul"},"content":{"rendered":"\n<p>Em pleno ver\u00e3o as temperaturas continuam altas no Estado nesta ter\u00e7a-feira (9). A previs\u00e3o \u00e9 de calor e tempo firme na maioria das regi\u00f5es, no entanto pode ocorrer chuvas pontuais em algumas cidades, assim como eventuais tempestades acompanhadas de raios e rajadas de vento, principalmente nas regi\u00f5es Centro-Norte e Bols\u00e3o.<\/p>\n\n\n\n<p>De acordo com o Cemtec (Centro de Monitoramento do Tempo e do Clima de&nbsp;MS), este cen\u00e1rio ocorre devido ao forte aquecimento diurno e disponibilidade de umidade, por isso n\u00e3o se descartam pancadas de chuva t\u00edpicas de ver\u00e3o.<\/p>\n\n\n\n<p>Campo Grande tem previs\u00e3o de m\u00ednima de 25\u00b0C e m\u00e1xima de 34\u00b0C. J\u00e1 em Porto Murtinho, na regi\u00e3o de fronteira, a temperatura poder\u00e1 chegar a 41\u00b0C, com m\u00ednima de 29\u00b0C. Corumb\u00e1 vai variar entre 27\u00b0C (m\u00ednima) e 37\u00b0C (m\u00e1xima). J\u00e1 na regi\u00e3o norte, em Coxim fica entre 25\u00b0C e 36\u00b0C.<\/p>\n\n\n\n<p>Os ventos v\u00e3o atuar em quadrante norte, com valores entre 40 e 60 km por hora, pontualmente podem ocorrer rajadas acima de 60 km\/h.<\/p>\n\n\n\n<figure class=\"wp-block-image\"><img decoding=\"async\" src=\"https:\/\/agenciadenoticias.ms.gov.br\/wp-content\/uploads\/2024\/01\/tempo-0901.jpg\" alt=\"\" class=\"wp-image-461898\"\/><\/figure>\n\n\n\n<p><em>Leonardo Rocha, Comunica\u00e7\u00e3o do Governo de MS<\/em><br><em>Foto: Saul Schramm\/Arquivo<\/em><\/p>\n","protected":false},"excerpt":{"rendered":"<p>Em pleno ver\u00e3o as temperaturas continuam altas no Estado nesta ter\u00e7a-feira (9). A previs\u00e3o \u00e9 de calor e tempo firme<\/p>\n","protected":false},"author":1,"featured_media":4351,"comment_status":"open","ping_status":"open","sticky":false,"template":"","format":"standard","meta":{"footnotes":""},"categories":[2],"tags":[],"class_list":["post-4350","post","type-post","status-publish","format-standard","has-post-thumbnail","hentry","category-noticias"],"_links":{"self":[{"href":"https:\/\/jornaloalvorada.com.br\/site\/wp-json\/wp\/v2\/posts\/4350","targetHints":{"allow":["GET"]}}],"collection":[{"href":"https:\/\/jornaloalvorada.com.br\/site\/wp-json\/wp\/v2\/posts"}],"about":[{"href":"https:\/\/jornaloalvorada.com.br\/site\/wp-json\/wp\/v2\/types\/post"}],"author":[{"embeddable":true,"href":"https:\/\/jornaloalvorada.com.br\/site\/wp-json\/wp\/v2\/users\/1"}],"replies":[{"embeddable":true,"href":"https:\/\/jornaloalvorada.com.br\/site\/wp-json\/wp\/v2\/comments?post=4350"}],"version-history":[{"count":1,"href":"https:\/\/jornaloalvorada.com.br\/site\/wp-json\/wp\/v2\/posts\/4350\/revisions"}],"predecessor-version":[{"id":4352,"href":"https:\/\/jornaloalvorada.com.br\/site\/wp-json\/wp\/v2\/posts\/4350\/revisions\/4352"}],"wp:featuredmedia":[{"embeddable":true,"href":"https:\/\/jornaloalvorada.com.br\/site\/wp-json\/wp\/v2\/media\/4351"}],"wp:attachment":[{"href":"https:\/\/jornaloalvorada.com.br\/site\/wp-json\/wp\/v2\/media?parent=4350"}],"wp:term":[{"taxonomy":"category","embeddable":true,"href":"https:\/\/jornaloalvorada.com.br\/site\/wp-json\/wp\/v2\/categories?post=4350"},{"taxonomy":"post_tag","embeddable":true,"href":"https:\/\/jornaloalvorada.com.br\/site\/wp-json\/wp\/v2\/tags?post=4350"}],"curies":[{"name":"wp","href":"https:\/\/api.w.org\/{rel}","templated":true}]}}