{"id":4328,"date":"2024-01-05T09:24:27","date_gmt":"2024-01-05T13:24:27","guid":{"rendered":"https:\/\/jornaloalvorada.com.br\/site\/?p=4328"},"modified":"2024-01-11T17:09:56","modified_gmt":"2024-01-11T21:09:56","slug":"operacao-piracema-acoes-intensificadas-e-resultados-significativos-contra-a-pesca-predatoria","status":"publish","type":"post","link":"https:\/\/jornaloalvorada.com.br\/site\/2024\/01\/05\/operacao-piracema-acoes-intensificadas-e-resultados-significativos-contra-a-pesca-predatoria\/","title":{"rendered":"Opera\u00e7\u00e3o Piracema: a\u00e7\u00f5es intensificadas e resultados significativos contra a pesca predat\u00f3ria"},"content":{"rendered":"\n<p>A Opera\u00e7\u00e3o Piracema, per\u00edodo crucial para a prote\u00e7\u00e3o dos recursos aqu\u00e1ticos, registrou avan\u00e7os not\u00e1veis durante o defeso, entre 05 de novembro de 2023 e 01 de janeiro de 2024. Com o objetivo de combater a pesca ilegal e o com\u00e9rcio irregular de pescados, a a\u00e7\u00e3o coordenada entre \u00f3rg\u00e3os de fiscaliza\u00e7\u00e3o, juntamente com patrulhamentos fluviais e terrestres, alcan\u00e7ou n\u00fameros expressivos.<\/p>\n\n\n\n<p>Os resultados incluem a apreens\u00e3o de 902 kg de pescado, 03 embarca\u00e7\u00f5es com motores de popa, 08 redes de pesca e a autua\u00e7\u00e3o de 30 indiv\u00edduos, totalizando R$ 134.356,30 em multas aplicadas.<\/p>\n\n\n\n<p>As atividades de fiscaliza\u00e7\u00e3o preventiva e as a\u00e7\u00f5es de educa\u00e7\u00e3o ambiental permanecem como pilares fundamentais do Comando de Policiamento Ambiental, uma vez que demonstram excelentes resultados na preven\u00e7\u00e3o de crimes e infra\u00e7\u00f5es contra o meio ambiente.<\/p>\n\n\n\n<p>Como resultado dessas a\u00e7\u00f5es direcionadas, foram apreendidos 224 metros de rede de pesca, petrecho proibido comumente utilizado. Essas interven\u00e7\u00f5es s\u00e3o cruciais para a prote\u00e7\u00e3o da ictiofauna, pois visam coibir pr\u00e1ticas que amea\u00e7am a reprodu\u00e7\u00e3o e a preserva\u00e7\u00e3o das esp\u00e9cies aqu\u00e1ticas, garantindo a manuten\u00e7\u00e3o equilibrada dos ecossistemas dos rios.<\/p>\n\n\n\n<figure class=\"wp-block-image\"><a href=\"https:\/\/agenciadenoticias.ms.gov.br\/wp-content\/uploads\/2024\/01\/WhatsApp-Image-2023-12-19-at-10.59.53.jpeg\" target=\"_blank\" rel=\"noreferrer noopener\"><img decoding=\"async\" src=\"https:\/\/agenciadenoticias.ms.gov.br\/wp-content\/uploads\/2024\/01\/WhatsApp-Image-2023-12-19-at-10.59.53-1024x576.jpeg\" alt=\"\"\/><\/a><\/figure>\n\n\n\n<figure class=\"wp-block-image\"><a href=\"https:\/\/agenciadenoticias.ms.gov.br\/wp-content\/uploads\/2024\/01\/WhatsApp-Image-2023-12-19-at-11.25.44-3.jpeg\" target=\"_blank\" rel=\"noreferrer noopener\"><img decoding=\"async\" src=\"https:\/\/agenciadenoticias.ms.gov.br\/wp-content\/uploads\/2024\/01\/WhatsApp-Image-2023-12-19-at-11.25.44-3-1024x576.jpeg\" alt=\"\"\/><\/a><\/figure>\n\n\n\n<figure class=\"wp-block-image\"><a href=\"https:\/\/agenciadenoticias.ms.gov.br\/wp-content\/uploads\/2024\/01\/WhatsApp-Image-2023-12-22-at-12.22.58-1.jpeg\" target=\"_blank\" rel=\"noreferrer noopener\"><img decoding=\"async\" src=\"https:\/\/agenciadenoticias.ms.gov.br\/wp-content\/uploads\/2024\/01\/WhatsApp-Image-2023-12-22-at-12.22.58-1-1024x771.jpeg\" alt=\"\"\/><\/a><\/figure>\n\n\n\n<figure class=\"wp-block-image\"><a href=\"https:\/\/agenciadenoticias.ms.gov.br\/wp-content\/uploads\/2024\/01\/WhatsApp-Image-2023-12-22-at-19.40.42.jpeg\" target=\"_blank\" rel=\"noreferrer noopener\"><img decoding=\"async\" src=\"https:\/\/agenciadenoticias.ms.gov.br\/wp-content\/uploads\/2024\/01\/WhatsApp-Image-2023-12-22-at-19.40.42-1024x768.jpeg\" alt=\"\"\/><\/a><\/figure>\n\n\n\n<figure class=\"wp-block-image\"><a href=\"https:\/\/agenciadenoticias.ms.gov.br\/wp-content\/uploads\/2024\/01\/WhatsApp-Image-2023-12-21-at-14.05.32.jpeg\" target=\"_blank\" rel=\"noreferrer noopener\"><img decoding=\"async\" src=\"https:\/\/agenciadenoticias.ms.gov.br\/wp-content\/uploads\/2024\/01\/WhatsApp-Image-2023-12-21-at-14.05.32-1024x768.jpeg\" alt=\"\"\/><\/a><\/figure>\n\n\n\n<figure class=\"wp-block-image\"><a href=\"https:\/\/agenciadenoticias.ms.gov.br\/wp-content\/uploads\/2024\/01\/WhatsApp-Image-2023-12-27-at-12.20.04.jpeg\" target=\"_blank\" rel=\"noreferrer noopener\"><img decoding=\"async\" src=\"https:\/\/agenciadenoticias.ms.gov.br\/wp-content\/uploads\/2024\/01\/WhatsApp-Image-2023-12-27-at-12.20.04-1024x768.jpeg\" alt=\"\"\/><\/a><\/figure>\n\n\n\n<p>Entre os destaques, ressaltam-se as ocorr\u00eancias em Aquidauana. Na regi\u00e3o, foram confiscadas 11 unidades de Pacu, totalizando 26,695 kg, com evid\u00eancias de utiliza\u00e7\u00e3o de petrechos de emalhar. Al\u00e9m disso, 12 unidades de cachara, somando 83,400 kg e 01 unidade de Barbado, com peso de 2,500 kg, foram apreendidas.<\/p>\n\n\n\n<p>Adicionalmente, 263,515 kg de cortes diversos de pescado foram encontrados, resultando em uma multa de R$ 27.522,00. No mesmo munic\u00edpio, outras apreens\u00f5es foram realizadas, incluindo 27,800 kg de Cachara, 54,800 kg de Pintado e 171,800 kg de Pacu, todos provenientes de pesca proibida, totalizando R$ 25.000,00 em multas.<\/p>\n\n\n\n<p>Comparando com a Opera\u00e7\u00e3o Piracema do ano anterior, houve um aumento exponencial em 18 vezes da quantidade de pescados apreendidos (em quilogramas). Esse dado enfatiza o comprometimento do Comando de Policiamento Militar Ambiental com a prote\u00e7\u00e3o da ictiofauna do estado, destacando a intensifica\u00e7\u00e3o dos esfor\u00e7os para coibir pr\u00e1ticas ilegais que amea\u00e7am os recursos naturais.<\/p>\n\n\n\n<p>A Opera\u00e7\u00e3o Piracema reafirma a relev\u00e2ncia da fiscaliza\u00e7\u00e3o e do cumprimento do per\u00edodo de defeso, garantindo a reprodu\u00e7\u00e3o e preserva\u00e7\u00e3o dos cardumes. Al\u00e9m disso, conscientiza a popula\u00e7\u00e3o sobre a import\u00e2ncia da prote\u00e7\u00e3o dos ecossistemas aqu\u00e1ticos, assegurando a sustentabilidade das atividades pesqueiras para as futuras gera\u00e7\u00f5es.<\/p>\n\n\n\n<figure class=\"wp-block-image\"><a href=\"https:\/\/agenciadenoticias.ms.gov.br\/wp-content\/uploads\/2024\/01\/WhatsApp-Image-2023-12-19-at-11.25.44-2.jpeg\" target=\"_blank\" rel=\"noreferrer noopener\"><img decoding=\"async\" src=\"https:\/\/agenciadenoticias.ms.gov.br\/wp-content\/uploads\/2024\/01\/WhatsApp-Image-2023-12-19-at-11.25.44-2-1024x472.jpeg\" alt=\"\"\/><\/a><\/figure>\n\n\n\n<p><em>Comunica\u00e7\u00e3o PMA<\/em><\/p>\n","protected":false},"excerpt":{"rendered":"<p>A Opera\u00e7\u00e3o Piracema, per\u00edodo crucial para a prote\u00e7\u00e3o dos recursos aqu\u00e1ticos, registrou avan\u00e7os not\u00e1veis durante o defeso, entre 05 de<\/p>\n","protected":false},"author":1,"featured_media":4329,"comment_status":"open","ping_status":"open","sticky":false,"template":"","format":"standard","meta":{"footnotes":""},"categories":[2],"tags":[],"class_list":["post-4328","post","type-post","status-publish","format-standard","has-post-thumbnail","hentry","category-noticias"],"_links":{"self":[{"href":"https:\/\/jornaloalvorada.com.br\/site\/wp-json\/wp\/v2\/posts\/4328","targetHints":{"allow":["GET"]}}],"collection":[{"href":"https:\/\/jornaloalvorada.com.br\/site\/wp-json\/wp\/v2\/posts"}],"about":[{"href":"https:\/\/jornaloalvorada.com.br\/site\/wp-json\/wp\/v2\/types\/post"}],"author":[{"embeddable":true,"href":"https:\/\/jornaloalvorada.com.br\/site\/wp-json\/wp\/v2\/users\/1"}],"replies":[{"embeddable":true,"href":"https:\/\/jornaloalvorada.com.br\/site\/wp-json\/wp\/v2\/comments?post=4328"}],"version-history":[{"count":1,"href":"https:\/\/jornaloalvorada.com.br\/site\/wp-json\/wp\/v2\/posts\/4328\/revisions"}],"predecessor-version":[{"id":4330,"href":"https:\/\/jornaloalvorada.com.br\/site\/wp-json\/wp\/v2\/posts\/4328\/revisions\/4330"}],"wp:featuredmedia":[{"embeddable":true,"href":"https:\/\/jornaloalvorada.com.br\/site\/wp-json\/wp\/v2\/media\/4329"}],"wp:attachment":[{"href":"https:\/\/jornaloalvorada.com.br\/site\/wp-json\/wp\/v2\/media?parent=4328"}],"wp:term":[{"taxonomy":"category","embeddable":true,"href":"https:\/\/jornaloalvorada.com.br\/site\/wp-json\/wp\/v2\/categories?post=4328"},{"taxonomy":"post_tag","embeddable":true,"href":"https:\/\/jornaloalvorada.com.br\/site\/wp-json\/wp\/v2\/tags?post=4328"}],"curies":[{"name":"wp","href":"https:\/\/api.w.org\/{rel}","templated":true}]}}