{"id":4169,"date":"2023-12-22T08:30:43","date_gmt":"2023-12-22T12:30:43","guid":{"rendered":"https:\/\/jornaloalvorada.com.br\/site\/?p=4169"},"modified":"2023-12-22T08:30:46","modified_gmt":"2023-12-22T12:30:46","slug":"sol-e-chuva-tipicos-da-estacao-calor-e-nebulosidade-marcam-inicio-da-estacao-nesta-sexta-feira","status":"publish","type":"post","link":"https:\/\/jornaloalvorada.com.br\/site\/2023\/12\/22\/sol-e-chuva-tipicos-da-estacao-calor-e-nebulosidade-marcam-inicio-da-estacao-nesta-sexta-feira\/","title":{"rendered":"Sol e chuva: t\u00edpicos da esta\u00e7\u00e3o, calor e nebulosidade marcam in\u00edcio da esta\u00e7\u00e3o nesta sexta-feira"},"content":{"rendered":"\n<p>Iniciando o ver\u00e3o com chave de ouro, a previs\u00e3o do Cemtec (Centro de Monitoramento do Tempo e do Clima) indica sol com aumento de nebulosidade ao longo do dia para esta sexta-feira (22). Al\u00e9m disso, ainda existe a probabilidade de chuvas de intensidade fraca a moderada e tempestades acompanhadas de raios e rajadas de vento.<\/p>\n\n\n\n<p>Com calor\u00e3o e pancadas de chuvas, situa\u00e7\u00e3o t\u00edpica da nova esta\u00e7\u00e3o, as instabilidades atmosf\u00e9ricas ocorrem devido a disponibilidade de umidade e aquecimento diurno.<\/p>\n\n\n\n<p>De acordo com o Cemtec, Campo Grande tem m\u00ednima de 24\u00b0C e m\u00e1xima de 31\u00b0C. Em Dourados, as temperaturas iniciam aos 24\u00b0C e sobem at\u00e9 35\u00b0C. Na regi\u00e3o Sul, Ponta Por\u00e3 e Iguatemi amanhecem o dia com 23\u00b0C, atingindo, no per\u00edodo da tarde, 33\u00b0C e 35\u00b0C, respectivamente.<\/p>\n\n\n\n<p>No Bols\u00e3o, Tr\u00eas Lagoas tem m\u00ednima de 25\u00b0C e m\u00e1xima de 34\u00b0C, j\u00e1 Parana\u00edba apresenta varia\u00e7\u00e3o entre 23\u00b0C e 32\u00b0C. Coxim e Camapu\u00e3, no Norte do estado, t\u00eam m\u00ednimas semelhantes de 24\u00b0C, com m\u00e1ximas respectivas de 30\u00b0C e 32\u00b0C.<\/p>\n\n\n\n<p>Os term\u00f4metros em Aquidauana e Corumb\u00e1, na regi\u00e3o pantaneira, marcam 33\u00b0C nos hor\u00e1rios mais quentes do dia, mas registram 25\u00b0C e 26\u00b0C, inicialmente. No Sudoeste, os valores em Porto Murtinho variam entre 26\u00b0C e 36\u00b0C.<\/p>\n\n\n\n<p><em>Heloisa Duim, Programa de Est\u00e1gio Supervisionado<br>Foto: Arquivo<\/em><\/p>\n","protected":false},"excerpt":{"rendered":"<p>Iniciando o ver\u00e3o com chave de ouro, a previs\u00e3o do Cemtec (Centro de Monitoramento do Tempo e do Clima) indica<\/p>\n","protected":false},"author":1,"featured_media":4170,"comment_status":"open","ping_status":"open","sticky":false,"template":"","format":"standard","meta":{"footnotes":""},"categories":[2],"tags":[],"class_list":["post-4169","post","type-post","status-publish","format-standard","has-post-thumbnail","hentry","category-noticias"],"_links":{"self":[{"href":"https:\/\/jornaloalvorada.com.br\/site\/wp-json\/wp\/v2\/posts\/4169","targetHints":{"allow":["GET"]}}],"collection":[{"href":"https:\/\/jornaloalvorada.com.br\/site\/wp-json\/wp\/v2\/posts"}],"about":[{"href":"https:\/\/jornaloalvorada.com.br\/site\/wp-json\/wp\/v2\/types\/post"}],"author":[{"embeddable":true,"href":"https:\/\/jornaloalvorada.com.br\/site\/wp-json\/wp\/v2\/users\/1"}],"replies":[{"embeddable":true,"href":"https:\/\/jornaloalvorada.com.br\/site\/wp-json\/wp\/v2\/comments?post=4169"}],"version-history":[{"count":1,"href":"https:\/\/jornaloalvorada.com.br\/site\/wp-json\/wp\/v2\/posts\/4169\/revisions"}],"predecessor-version":[{"id":4171,"href":"https:\/\/jornaloalvorada.com.br\/site\/wp-json\/wp\/v2\/posts\/4169\/revisions\/4171"}],"wp:featuredmedia":[{"embeddable":true,"href":"https:\/\/jornaloalvorada.com.br\/site\/wp-json\/wp\/v2\/media\/4170"}],"wp:attachment":[{"href":"https:\/\/jornaloalvorada.com.br\/site\/wp-json\/wp\/v2\/media?parent=4169"}],"wp:term":[{"taxonomy":"category","embeddable":true,"href":"https:\/\/jornaloalvorada.com.br\/site\/wp-json\/wp\/v2\/categories?post=4169"},{"taxonomy":"post_tag","embeddable":true,"href":"https:\/\/jornaloalvorada.com.br\/site\/wp-json\/wp\/v2\/tags?post=4169"}],"curies":[{"name":"wp","href":"https:\/\/api.w.org\/{rel}","templated":true}]}}