{"id":4166,"date":"2023-12-21T16:21:28","date_gmt":"2023-12-21T20:21:28","guid":{"rendered":"https:\/\/jornaloalvorada.com.br\/site\/?p=4166"},"modified":"2023-12-21T16:21:30","modified_gmt":"2023-12-21T20:21:30","slug":"natal-sem-fome-distribui-2-mil-toneladas-de-alimentos-em-todo-o-pais","status":"publish","type":"post","link":"https:\/\/jornaloalvorada.com.br\/site\/2023\/12\/21\/natal-sem-fome-distribui-2-mil-toneladas-de-alimentos-em-todo-o-pais\/","title":{"rendered":"Natal sem Fome distribui 2 mil toneladas de alimentos em todo o pa\u00eds"},"content":{"rendered":"\n<p>A campanha Natal sem Fome, da A\u00e7\u00e3o da Cidadania, completa tr\u00eas d\u00e9cadas em 2023 com a maior arrecada\u00e7\u00e3o dos \u00faltimos tr\u00eas anos: 2 mil toneladas de alimentos ser\u00e3o distribu\u00eddos para fam\u00edlias de todo o Brasil a partir desta quinta-feira (21), beneficiando mais de 800 mil pessoas.<img decoding=\"async\" src=\"https:\/\/agenciabrasil.ebc.com.br\/ebc.png?id=1573920&amp;o=node\"><img decoding=\"async\" src=\"https:\/\/agenciabrasil.ebc.com.br\/ebc.gif?id=1573920&amp;o=node\"><\/p>\n\n\n\n<p>Lares onde residem crian\u00e7as menores de 10 anos ser\u00e3o prioridade nas entregas dos <em>kits<\/em>. Segundo pesquisa da Rede Penssan, 37,8% dos domic\u00edlios onde vivem crian\u00e7as enfrentam inseguran\u00e7a alimentar grave ou moderada. Al\u00e9m disso, a fome dobrou nas fam\u00edlias com menores de 10 anos, passando de 9,4% em 2020 para 18,1% em 2022. E, em 2021, segundo dados da Fiocruz, oito crian\u00e7as de at\u00e9 1 ano de idade foram levadas ao hospital todos os dias por falta de comida.<\/p>\n\n\n\n<p>\u201cInfelizmente o Brasil voltou ao Mapa da Fome e agora temos um longo caminho para reverter esse quadro novamente. E na A\u00e7\u00e3o da Cidadania decidimos come\u00e7ar pelas crian\u00e7as, que sofrem com a desnutri\u00e7\u00e3o desde muito novas, algumas de forma silenciosa pela falta de diagn\u00f3stico ou pelo impacto profundo e irrevers\u00edvel que o c\u00e9rebro infantil sofre com a priva\u00e7\u00e3o do alimento. E como exigir que algu\u00e9m seja capaz de aprender e ter bom rendimento escolar com fome? No futuro, isso pode lev\u00e1-la a ter menos oportunidades de trabalho, menor produtividade e sal\u00e1rios mais baixos. Deixar que a fome impe\u00e7a a realiza\u00e7\u00e3o dos sonhos de uma crian\u00e7a \u00e9 uma viola\u00e7\u00e3o da dignidade humana, principalmente em um pa\u00eds t\u00e3o rico e produtivo como o Brasil\u201d, disse, em nota, o diretor executivo da A\u00e7\u00e3o da Cidadania, Rodrigo &#8220;Kiko&#8221;&nbsp;Afonso.<\/p>\n\n\n\n<p>Com o tema \u201cNesse Natal, o melhor presente \u00e9 a sua solidariedade\u201d, a A\u00e7\u00e3o da Cidadania vai distribuir quase 400 toneladas de alimentos, entre comida e \u00e1gua mineral, somente no Rio de Janeiro, sede nacional da organiza\u00e7\u00e3o n\u00e3o governamental (ONG). Bahia, nesta primeira etapa, vai receber mais de 9 toneladas, seguida&nbsp;de Pernambuco, com 7,5 toneladas; S\u00e3o Paulo, Minas Gerais e Par\u00e1, com 6 toneladas cada. Paran\u00e1, Rond\u00f4nia, Roraima, Esp\u00edrito Santo e Amap\u00e1 ser\u00e3o contemplados com 4 toneladas cada um. Para o Amazonas, que ainda sofre as consequ\u00eancias das fortes chuvas, foram destinadas 6 toneladas, a maior parte doada por empresas. As entregas ser\u00e3o realizadas at\u00e9 o final do ano nos 26 estados e Distrito Federal<\/p>\n\n\n\n<p>Considerada a maior campanha solid\u00e1ria de arrecada\u00e7\u00e3o de alimentos da Am\u00e9rica Latina, o Natal sem Fome foi idealizado em 1993 pelo soci\u00f3logo Herbert de Souza, o Betinho. Nesse mesmo ano, nasceu tamb\u00e9m a A\u00e7\u00e3o da Cidadania, que desde ent\u00e3o j\u00e1 arrecadou mais de 55 mil quilos de alimentos, que foram distribu\u00eddos para 26 milh\u00f5es de pessoas.<\/p>\n\n\n\n<p>As doa\u00e7\u00f5es para o Natal sem Fome podem ser realizadas por meio&nbsp;do<em> <a href=\"http:\/\/www.natalsemfome.org.br\/\" target=\"_blank\" rel=\"noreferrer noopener\">site<\/a><\/em><a href=\"http:\/\/www.natalsemfome.org.br\/\" target=\"_blank\" rel=\"noreferrer noopener\"> da campanha<\/a>&nbsp;e&nbsp;tamb\u00e9m pelo Pix&nbsp;doe@natalsemfome.org.br.<\/p>\n\n\n\n<p>No Rio de Janeiro, al\u00e9m dos alimentos, a A\u00e7\u00e3o da Cidadania tamb\u00e9m vai distribuir, pela primeira vez, 20 mil exemplares do livro <em>Muito Prazer, Sou o Betinho<\/em>, que conta a trajet\u00f3ria do soci\u00f3logo no combate \u00e0 fome e \u00e0 mis\u00e9ria. A obra, escrita por Jos\u00e9 Roberto Torero e lan\u00e7ada em 2021 pela Editora Moderna, apresenta para as novas gera\u00e7\u00f5es o legado de Betinho e sua participa\u00e7\u00e3o ativa pelos direitos humanos, a persegui\u00e7\u00e3o durante a ditadura e a luta contra a aids.<\/p>\n\n\n\n<p>Para as crian\u00e7as que vivem na capital e regi\u00e3o metropolitana do Rio, a ONG tamb\u00e9m vai entregar 4 mil brinquedos doados por empresas. Bonecas, ursos e rob\u00f4s, que representam a mensagem do Natal sem Fome 2023, ser\u00e3o distribu\u00eddos com as cestas b\u00e1sicas de acordo com a popula\u00e7\u00e3o infantil atendida pelas lideran\u00e7as parceiras.<\/p>\n\n\n\n<p><strong><em>Fonte: Ag\u00eancia Brasil<\/em><\/strong><\/p>\n","protected":false},"excerpt":{"rendered":"<p>A campanha Natal sem Fome, da A\u00e7\u00e3o da Cidadania, completa tr\u00eas d\u00e9cadas em 2023 com a maior arrecada\u00e7\u00e3o dos \u00faltimos<\/p>\n","protected":false},"author":1,"featured_media":4167,"comment_status":"open","ping_status":"open","sticky":false,"template":"","format":"standard","meta":{"footnotes":""},"categories":[2],"tags":[],"class_list":["post-4166","post","type-post","status-publish","format-standard","has-post-thumbnail","hentry","category-noticias"],"_links":{"self":[{"href":"https:\/\/jornaloalvorada.com.br\/site\/wp-json\/wp\/v2\/posts\/4166","targetHints":{"allow":["GET"]}}],"collection":[{"href":"https:\/\/jornaloalvorada.com.br\/site\/wp-json\/wp\/v2\/posts"}],"about":[{"href":"https:\/\/jornaloalvorada.com.br\/site\/wp-json\/wp\/v2\/types\/post"}],"author":[{"embeddable":true,"href":"https:\/\/jornaloalvorada.com.br\/site\/wp-json\/wp\/v2\/users\/1"}],"replies":[{"embeddable":true,"href":"https:\/\/jornaloalvorada.com.br\/site\/wp-json\/wp\/v2\/comments?post=4166"}],"version-history":[{"count":1,"href":"https:\/\/jornaloalvorada.com.br\/site\/wp-json\/wp\/v2\/posts\/4166\/revisions"}],"predecessor-version":[{"id":4168,"href":"https:\/\/jornaloalvorada.com.br\/site\/wp-json\/wp\/v2\/posts\/4166\/revisions\/4168"}],"wp:featuredmedia":[{"embeddable":true,"href":"https:\/\/jornaloalvorada.com.br\/site\/wp-json\/wp\/v2\/media\/4167"}],"wp:attachment":[{"href":"https:\/\/jornaloalvorada.com.br\/site\/wp-json\/wp\/v2\/media?parent=4166"}],"wp:term":[{"taxonomy":"category","embeddable":true,"href":"https:\/\/jornaloalvorada.com.br\/site\/wp-json\/wp\/v2\/categories?post=4166"},{"taxonomy":"post_tag","embeddable":true,"href":"https:\/\/jornaloalvorada.com.br\/site\/wp-json\/wp\/v2\/tags?post=4166"}],"curies":[{"name":"wp","href":"https:\/\/api.w.org\/{rel}","templated":true}]}}