{"id":4155,"date":"2023-12-20T16:06:32","date_gmt":"2023-12-20T20:06:32","guid":{"rendered":"https:\/\/jornaloalvorada.com.br\/site\/?p=4155"},"modified":"2023-12-20T16:06:35","modified_gmt":"2023-12-20T20:06:35","slug":"mais-de-40-dos-consumidores-pretendem-ir-as-compras-para-o-natal","status":"publish","type":"post","link":"https:\/\/jornaloalvorada.com.br\/site\/2023\/12\/20\/mais-de-40-dos-consumidores-pretendem-ir-as-compras-para-o-natal\/","title":{"rendered":"Mais de 40% dos consumidores pretendem ir \u00e0s compras para o Natal"},"content":{"rendered":"\n<p>Uma pesquisa realizada pela Associa\u00e7\u00e3o Comercial de S\u00e3o Paulo (ACSP)&nbsp;revela&nbsp;que 42,8% dos entrevistados no pa\u00eds (1.647) pretendem fazer compras para o Natal, enquanto 35,9% n\u00e3o t\u00eam inten\u00e7\u00e3o de dar presentes e 21,3% ainda est\u00e3o indecisos. Entre os que planejam comprar, 33,6% pretendem gastar mais do que em 2022, enquanto 41,8% desejam desembolsar um valor menor. A pesquisa de inten\u00e7\u00e3o de compra no Natal mostra que a maioria (60,5%) pretende gastar entre R$ 150 e R$ 450.<img decoding=\"async\" src=\"https:\/\/agenciabrasil.ebc.com.br\/ebc.png?id=1573610&amp;o=node\"><img decoding=\"async\" src=\"https:\/\/agenciabrasil.ebc.com.br\/ebc.gif?id=1573610&amp;o=node\"><\/p>\n\n\n\n<p>Segundo a ACSP, em rela\u00e7\u00e3o ao ano passado, observa-se expressiva redu\u00e7\u00e3o daqueles que manifestaram inten\u00e7\u00e3o de compra e leve aumento dos que n\u00e3o pretendem comprar. Tamb\u00e9m nota-se importante redu\u00e7\u00e3o daqueles que pretendem gastar mais, assim como tamb\u00e9m do valor m\u00e9dio de gasto pretendido.<\/p>\n\n\n\n<p>\u201cA piora dos resultados em rela\u00e7\u00e3o \u00e0 pesquisa do ano passado poderia ser explicada pela desacelera\u00e7\u00e3o da atividade econ\u00f4mica e pelo elevado grau de endividamento das fam\u00edlias, num contexto de juros ainda elevados, que termina reduzindo a renda dispon\u00edvel para o consumo, que tem cada vez mais se concentrado em itens mais essenciais\u201d, destaca&nbsp;a ACSP.<\/p>\n\n\n\n<p>A pesquisa tamb\u00e9m aponta&nbsp;que a maioria das compras deve ser feita&nbsp;em grandes redes do varejo (41,1%)&nbsp;e de forma presencial (57,1%). Entre os itens destacados, roupas, cal\u00e7ados e acess\u00f3rios (45,4%) continuam sendo os principais da lista. Somados a outros de uso pessoal (joias, bijuterias e perfumes), representam 75,9% das inten\u00e7\u00f5es de compra.<\/p>\n\n\n<div class=\"wp-block-image\">\n<figure class=\"aligncenter\"><img decoding=\"async\" src=\"https:\/\/imagens.ebc.com.br\/3L6hmtqjqTmB8cX261g2s0gDxd4=\/754x0\/smart\/https:\/\/agenciabrasil.ebc.com.br\/sites\/default\/files\/thumbnails\/image\/img_7729.jpg?itok=6ismCsAp\" alt=\"S\u00e3o Paulo (SP), 19\/12\/2023 - Movimento de consumidores nas lojas da rua 25 de Mar\u00e7o. Foto: Rovena Rosa\/Ag\u00eancia Brasil\" title=\"Rovena Rosa\/Ag\u00eancia Brasil\"\/><figcaption class=\"wp-element-caption\">Movimento de consumidores nas lojas da Rua 25 de Mar\u00e7o \u2013 <strong>Rovena Rosa\/Ag\u00eancia Brasil<\/strong><\/figcaption><\/figure>\n<\/div>\n\n\n<p>Outros itens t\u00edpicos como boneca, outros brinquedos, decora\u00e7\u00e3o e enfeites, \u00e1rvore e cart\u00e3o de Natal e alimentos para a ceia natalina tamb\u00e9m aparecem, em conjunto, com destaque (78,4%). Com as inten\u00e7\u00f5es de compra mais baixas aparecem celular, computador, <em>notebook<\/em>, <em>tablet <\/em>e eletrodom\u00e9sticos, como televisor, micro-ondas, fog\u00e3o, geladeira e m\u00e1quina de lavar, com 19,3%.<\/p>\n\n\n\n<h2 class=\"wp-block-heading\">CNDL e&nbsp;SPC Brasil<\/h2>\n\n\n\n<p>Outra pesquisa, realizada em parceria pela Confedera\u00e7\u00e3o Nacional de Dirigentes Lojistas (CNDL) e pelo Servi\u00e7o de Prote\u00e7\u00e3o ao Cr\u00e9dito (SPC Brasil), indica&nbsp;que mais de 132,9 milh\u00f5es de consumidores devem ir \u00e0s compras neste per\u00edodo, injetando R$ 74,6 bilh\u00f5es na economia. Os principais presenteados ser\u00e3o os filhos (60%), a m\u00e3e (48%), o c\u00f4njuge (44%) e o irm\u00e3o(a) (28%).&nbsp;<\/p>\n\n\n\n<p>Entre os que n\u00e3o v\u00e3o presentear, 27% dizem n\u00e3o ter dinheiro, 17% n\u00e3o gostam ou n\u00e3o t\u00eam o costume e 15% est\u00e3o endividados e ir\u00e3o priorizar o pagamento de d\u00edvidas. Al\u00e9m disso, 64% pretendem comprar presentes para si mesmo. As estimativas s\u00e3o de 104,6 milh\u00f5es de pessoas comprem para se presentear.<\/p>\n\n\n\n<p>As principais formas de pagamento dos consumidores nas compras de Natal ser\u00e3o: Pix&nbsp;(47%), cart\u00e3o de cr\u00e9dito parcelado (44%), dinheiro (34%) e cart\u00e3o de d\u00e9bito (31%). De acordo com os consumidores, 48% pretendem parcelar as compras, sendo que 41% afirmam que, mesmo tendo condi\u00e7\u00f5es de pagar \u00e0 vista, preferem parcelar para garantir sobra de dinheiro, e 34% optam por esse meio de pagamento para poder comprar presentes melhores.<\/p>\n\n\n\n<p>De acordo com as respostas de 755 consumidores das 27 capitais brasileiras, as lojas f\u00edsicas s\u00e3o as preferidas para realizar as compras:&nbsp;76% pretendem comprar assim. As principais lojas&nbsp;s\u00e3o as de departamento (38%) e em <em>shopping center<\/em> (31%). J\u00e1 50% pretendem fazer compras pela internet, que representam 81,4 milh\u00f5es de consumidores.<\/p>\n\n\n\n<h2 class=\"wp-block-heading\">Consumidores<\/h2>\n\n\n<div class=\"wp-block-image\">\n<figure class=\"alignleft\"><img decoding=\"async\" src=\"https:\/\/imagens.ebc.com.br\/y8EHetHtGZjrr_LodXGuRWJ77ws=\/365x0\/smart\/https:\/\/agenciabrasil.ebc.com.br\/sites\/default\/files\/thumbnails\/image\/img_7795_0.jpg?itok=OTWSJ1cA\" alt=\"S\u00e3o Paulo (SP), 19\/12\/2023 - A manicure Valqu\u00edria Neves compra presentes para os netos no com\u00e9rcio da rua 25 de Mar\u00e7o. Foto: Rovena Rosa\/Ag\u00eancia Brasil\" title=\"Rovena Rosa\/Ag\u00eancia Brasil\"\/><figcaption class=\"wp-element-caption\">Manicure Valqu\u00edria Neves compra presentes para os netos na&nbsp;25 de Mar\u00e7o&nbsp;\u2013 <strong>Rovena Rosa\/Ag\u00eancia Brasil<\/strong><\/figcaption><\/figure>\n<\/div>\n\n\n<p>A manicure Valqu\u00edria Neves&nbsp;foi a uma loja da Rua 25 de Mar\u00e7o comprar&nbsp;presentes para os quatro netos e n\u00e3o estava limitando o n\u00famero de brinquedos que pretendia levar nem o valor que pretendia gastar.<\/p>\n\n\n\n<p>\u201cA gente nunca sabe o que eles querem, mas eu sei que um gosta do Power Rangers, outro do Pok\u00e9mon, a outra de uma cole\u00e7\u00e3o de fadas que j\u00e1 vi por aqui. E a\u00ed o restante vai vir na minha cabe\u00e7a. Para eles eu n\u00e3o fa\u00e7o economia, n\u00e3o, eu gasto mesmo\u201d, disse.&nbsp;<\/p>\n\n\n\n<p>Ela afirmou ainda que neste ano est\u00e1 comprando mais do que em 2022, porque trabalhou melhor e as finan\u00e7as est\u00e3o permitindo, al\u00e9m de ela ter economizado para se preparar para as compras de Natal. \u201cNeste ano eu busquei pre\u00e7o e qualidade. Pesquisando voc\u00ea consegue achar os dois\u201d, comentou. Valqu\u00edria&nbsp;tamb\u00e9m disse que s\u00f3 os netos ganhar\u00e3o presentes. \u201cPara a minha filha, darei dinheiro e ela v\u00ea o que quer. Para mim n\u00e3o vou comprar nada.\u201d<\/p>\n\n\n<div class=\"wp-block-image\">\n<figure class=\"alignright\"><img decoding=\"async\" src=\"https:\/\/imagens.ebc.com.br\/k6so2XazR0Fb_b-adVZyLEx8Bec=\/365x0\/smart\/https:\/\/agenciabrasil.ebc.com.br\/sites\/default\/files\/thumbnails\/image\/img_7788.jpg?itok=E527MEyY\" alt=\"S\u00e3o Paulo (SP), 19\/12\/2023 - A artes\u00e3o Ingrid Souza da Silva compra presentes para os filhos no com\u00e9rcio da rua 25 de Mar\u00e7o. Foto: Rovena Rosa\/Ag\u00eancia Brasil\" title=\"Rovena Rosa\/Ag\u00eancia Brasil\"\/><figcaption class=\"wp-element-caption\">A artes\u00e3&nbsp;Ingrid Souza da Silva tamb\u00e9m procurou a 25 de Mar\u00e7o para comprar presentes para o Natal \u2013 <strong>Rovena Rosa\/Ag\u00eancia Brasil<\/strong><\/figcaption><\/figure>\n<\/div>\n\n\n<p>A artes\u00e3&nbsp;Ingrid Souza da Silva&nbsp;resolveu comprar dois brinquedos para cada um dos dois filhos. Para ela, 2023 tamb\u00e9m ter\u00e1 um Papai Noel mais generoso do que no ano passado, tamb\u00e9m pelas melhores oportunidades de vendas de seus artesanatos. \u201cEste ano foi melhor, entrou um dinheiro bom. Ent\u00e3o estou conseguindo comprar melhor para eles. Acredito que minha compra somar\u00e1 pouco mais de R$ 300 e achei melhor comprar na loja do que na internet.\u201d<\/p>\n\n\n\n<p>Gerente de&nbsp;loja, Ondamar Ferreira&nbsp;j\u00e1 percebeu um aumento do movimento \u00e0s v\u00e9speras do Natal e por isso acredita que a meta de crescimento das vendas de 8% a 9% com rela\u00e7\u00e3o ao ano passado, quando houve expans\u00e3o&nbsp;de 3% ante 2021, ser\u00e1 atingida&nbsp;em 2023. \u201cN\u00f3s nos preparamos para atender toda a demanda. Todo o nosso estoque foi comprado para a \u00e9poca de Natal, por\u00e9m temos bastante coisa que sobrou do Dia das Crian\u00e7as\u201d, contou.<\/p>\n\n\n\n<p>Na percep\u00e7\u00e3o de Ferreira, este Natal n\u00e3o ser\u00e1 \u201cdas lembrancinhas\u201d, diferentemente dos anos anteriores. &nbsp;\u201cAs pessoas est\u00e3o comprando presentes melhores do que no ano passado, s\u00e3o produtos de melhor valor agregado, com um t\u00edquete m\u00e9dio consider\u00e1vel, ent\u00e3o no final o resultado das vendas \u00e9 melhor.\u201d&nbsp;&nbsp;<\/p>\n\n\n\n<p>Ferreira ainda d\u00e1 um conselho para os consumidores: que eles se antecipem para fazer as compras e n\u00e3o deixem para cima da hora. \u201cN\u00f3s esperamos mais movimento para sexta, s\u00e1bado e domingo, ent\u00e3o at\u00e9 para n\u00f3s \u00e9 um pouco mais dif\u00edcil para dar toda aten\u00e7\u00e3o que a gente espera dar ao nosso consumidor. Al\u00e9m disso, conforme vai se aproximando o Natal, muita coisa vai acabando, e as reposi\u00e7\u00f5es [s\u00e3o feitas] s\u00f3 no ano seguinte, porque os fabricantes j\u00e1 encerraram as atividades.\u201d&nbsp;<\/p>\n\n\n\n<p><strong><em>Fonte: Ag\u00eancia Brasil<\/em><\/strong><\/p>\n","protected":false},"excerpt":{"rendered":"<p>Uma pesquisa realizada pela Associa\u00e7\u00e3o Comercial de S\u00e3o Paulo (ACSP)&nbsp;revela&nbsp;que 42,8% dos entrevistados no pa\u00eds (1.647) pretendem fazer compras para<\/p>\n","protected":false},"author":1,"featured_media":4156,"comment_status":"open","ping_status":"open","sticky":false,"template":"","format":"standard","meta":{"footnotes":""},"categories":[2],"tags":[],"class_list":["post-4155","post","type-post","status-publish","format-standard","has-post-thumbnail","hentry","category-noticias"],"_links":{"self":[{"href":"https:\/\/jornaloalvorada.com.br\/site\/wp-json\/wp\/v2\/posts\/4155","targetHints":{"allow":["GET"]}}],"collection":[{"href":"https:\/\/jornaloalvorada.com.br\/site\/wp-json\/wp\/v2\/posts"}],"about":[{"href":"https:\/\/jornaloalvorada.com.br\/site\/wp-json\/wp\/v2\/types\/post"}],"author":[{"embeddable":true,"href":"https:\/\/jornaloalvorada.com.br\/site\/wp-json\/wp\/v2\/users\/1"}],"replies":[{"embeddable":true,"href":"https:\/\/jornaloalvorada.com.br\/site\/wp-json\/wp\/v2\/comments?post=4155"}],"version-history":[{"count":1,"href":"https:\/\/jornaloalvorada.com.br\/site\/wp-json\/wp\/v2\/posts\/4155\/revisions"}],"predecessor-version":[{"id":4157,"href":"https:\/\/jornaloalvorada.com.br\/site\/wp-json\/wp\/v2\/posts\/4155\/revisions\/4157"}],"wp:featuredmedia":[{"embeddable":true,"href":"https:\/\/jornaloalvorada.com.br\/site\/wp-json\/wp\/v2\/media\/4156"}],"wp:attachment":[{"href":"https:\/\/jornaloalvorada.com.br\/site\/wp-json\/wp\/v2\/media?parent=4155"}],"wp:term":[{"taxonomy":"category","embeddable":true,"href":"https:\/\/jornaloalvorada.com.br\/site\/wp-json\/wp\/v2\/categories?post=4155"},{"taxonomy":"post_tag","embeddable":true,"href":"https:\/\/jornaloalvorada.com.br\/site\/wp-json\/wp\/v2\/tags?post=4155"}],"curies":[{"name":"wp","href":"https:\/\/api.w.org\/{rel}","templated":true}]}}