{"id":4137,"date":"2023-12-20T10:17:59","date_gmt":"2023-12-20T14:17:59","guid":{"rendered":"https:\/\/jornaloalvorada.com.br\/site\/?p=4137"},"modified":"2023-12-20T10:18:01","modified_gmt":"2023-12-20T14:18:01","slug":"quarta-feira-tem-probabilidade-de-chuvas-em-grande-parte-de-mato-grosso-do-sul","status":"publish","type":"post","link":"https:\/\/jornaloalvorada.com.br\/site\/2023\/12\/20\/quarta-feira-tem-probabilidade-de-chuvas-em-grande-parte-de-mato-grosso-do-sul\/","title":{"rendered":"Quarta-feira tem probabilidade de chuvas em grande parte de Mato Grosso do Sul"},"content":{"rendered":"\n<p>A previs\u00e3o do tempo para esta quarta-feira (20) indica aumento de nebulosidade e probabilidade de chuvas de intensidade fraca a moderada. Localmente, ainda podem ocorrer tempestades acompanhadas de raios e rajadas de vento. Os maiores acumulados s\u00e3o esperados para as regi\u00f5es Centro-Norte e Oeste de Mato Grosso do Sul.<\/p>\n\n\n\n<p>De acordo com o Cemtec (Centro de Monitoramento do Tempo e do Clima), as instabilidades atmosf\u00e9ricas ocorrem devido a disponibilidade de umidade e aquecimento diurno. Al\u00e9m disso, a atua\u00e7\u00e3o de uma \u00e1rea de baixa press\u00e3o atmosf\u00e9rica sobre o Paraguai e a aproxima\u00e7\u00e3o de uma frente fria oce\u00e2nica favorecem a forma\u00e7\u00e3o de nuvens e chuvas.<\/p>\n\n\n\n<p>Em Campo Grande, as temperaturas iniciam aos 24\u00b0C e sobem at\u00e9 33\u00b0C. Dourados tem m\u00ednima de 23\u00b0C e m\u00e1xima de 32\u00b0C. Na fronteira com o Paraguai, Ponta Por\u00e3 registra 22\u00b0C pela manh\u00e3 e 30\u00b0C no per\u00edodo da tarde. Anauril\u00e2ndia, na regi\u00e3o Leste, tem m\u00ednima de 24\u00b0C e m\u00e1xima de 35\u00b0C.<\/p>\n\n\n\n<p>No Bols\u00e3o, Tr\u00eas Lagoas amanhece aos 25\u00b0C e chega aos 37\u00b0C nos hor\u00e1rios mais quentes do dia; em Parana\u00edba, na mesma regi\u00e3o, os term\u00f4metros marcam 24\u00b0C inicialmente e atingem os 36\u00b0C. Coxim e Camapu\u00e3, na regi\u00e3o Norte, registram valores semelhantes, com varia\u00e7\u00e3o entre 24\u00b0C e 35\u00b0C.<\/p>\n\n\n\n<p>Porto Murtinho, no Sudoeste, tem m\u00ednima de 25\u00b0C e m\u00e1xima de 34\u00b0C. Na regi\u00e3o Pantaneira, Corumb\u00e1 inicia com 27\u00b0C e chega aos 33\u00b0C ao longo do dia, j\u00e1 em Aquidauana, a temperatura varia entre 25\u00b0C e 35\u00b0C.<\/p>\n\n\n\n<p><em>Heloisa Duim, Programa de Est\u00e1gio Supervisionado<\/em><br><em>Foto: \u00c1lvaro Rezende<\/em><\/p>\n","protected":false},"excerpt":{"rendered":"<p>A previs\u00e3o do tempo para esta quarta-feira (20) indica aumento de nebulosidade e probabilidade de chuvas de intensidade fraca a<\/p>\n","protected":false},"author":1,"featured_media":4138,"comment_status":"open","ping_status":"open","sticky":false,"template":"","format":"standard","meta":{"footnotes":""},"categories":[2],"tags":[],"class_list":["post-4137","post","type-post","status-publish","format-standard","has-post-thumbnail","hentry","category-noticias"],"_links":{"self":[{"href":"https:\/\/jornaloalvorada.com.br\/site\/wp-json\/wp\/v2\/posts\/4137","targetHints":{"allow":["GET"]}}],"collection":[{"href":"https:\/\/jornaloalvorada.com.br\/site\/wp-json\/wp\/v2\/posts"}],"about":[{"href":"https:\/\/jornaloalvorada.com.br\/site\/wp-json\/wp\/v2\/types\/post"}],"author":[{"embeddable":true,"href":"https:\/\/jornaloalvorada.com.br\/site\/wp-json\/wp\/v2\/users\/1"}],"replies":[{"embeddable":true,"href":"https:\/\/jornaloalvorada.com.br\/site\/wp-json\/wp\/v2\/comments?post=4137"}],"version-history":[{"count":1,"href":"https:\/\/jornaloalvorada.com.br\/site\/wp-json\/wp\/v2\/posts\/4137\/revisions"}],"predecessor-version":[{"id":4139,"href":"https:\/\/jornaloalvorada.com.br\/site\/wp-json\/wp\/v2\/posts\/4137\/revisions\/4139"}],"wp:featuredmedia":[{"embeddable":true,"href":"https:\/\/jornaloalvorada.com.br\/site\/wp-json\/wp\/v2\/media\/4138"}],"wp:attachment":[{"href":"https:\/\/jornaloalvorada.com.br\/site\/wp-json\/wp\/v2\/media?parent=4137"}],"wp:term":[{"taxonomy":"category","embeddable":true,"href":"https:\/\/jornaloalvorada.com.br\/site\/wp-json\/wp\/v2\/categories?post=4137"},{"taxonomy":"post_tag","embeddable":true,"href":"https:\/\/jornaloalvorada.com.br\/site\/wp-json\/wp\/v2\/tags?post=4137"}],"curies":[{"name":"wp","href":"https:\/\/api.w.org\/{rel}","templated":true}]}}