{"id":4134,"date":"2023-12-19T13:45:22","date_gmt":"2023-12-19T17:45:22","guid":{"rendered":"https:\/\/jornaloalvorada.com.br\/site\/?p=4134"},"modified":"2023-12-19T13:45:25","modified_gmt":"2023-12-19T17:45:25","slug":"camara-acelera-processo-e-aprova-urgencia-para-derrubar-decreto-de-lula-sobre-vistos-entenda","status":"publish","type":"post","link":"https:\/\/jornaloalvorada.com.br\/site\/2023\/12\/19\/camara-acelera-processo-e-aprova-urgencia-para-derrubar-decreto-de-lula-sobre-vistos-entenda\/","title":{"rendered":"C\u00e2mara acelera processo e aprova urg\u00eancia para derrubar decreto de Lula sobre vistos; entenda"},"content":{"rendered":"\n<p>A C\u00e2mara dos Deputados aprovou nesta segunda-feira (18\/12) a urg\u00eancia na tramita\u00e7\u00e3o do Projeto de Decreto Legislativo n\u00ba 140\/2023, que susta o decreto que revogou a dispensa de visto para turistas dos Estados Unidos, Canad\u00e1, Jap\u00e3o e Austr\u00e1lia. Com a aprova\u00e7\u00e3o da urg\u00eancia, a proposta deve ser analisada na pr\u00f3xima sess\u00e3o deliberativa.<\/p>\n\n\n\n<p>Em 2019, o ent\u00e3o presidente Jair Bolsonaro (PL) liberou a entrada dos estrangeiros desses pa\u00edses sem visto no Brasil. J\u00e1 em maio deste ano, sob o governo de Luiz In\u00e1cio Lula da Silva (PT), o Executivo restabeleceu a exig\u00eancia de visto para os pa\u00edses alegando que a medida atenderia ao princ\u00edpio da reciprocidade, uma vez que as quatro na\u00e7\u00f5es exigem o documento para viajantes brasileiros.<\/p>\n\n\n\n<p>O Minist\u00e9rio das Rela\u00e7\u00f5es Exteriores definiu que a retomada da exig\u00eancia come\u00e7aria a valer a partir de 10 de janeiro de 2024. A medida foi criticada por entidades do setor de turismo.<\/p>\n\n\n\n<p>O Projeto de Decreto, de autoria do deputado federal Marcel van Hattem (Novo-RS) argumenta que a exig\u00eancia do visto pode colocar em risco o emprego de pessoas que trabalham no setor.<\/p>\n\n\n\n<p>\u201cEm toda a Am\u00e9rica Latina, dentre 30 pa\u00edses, apenas Cuba, Bol\u00edvia e Venezuela seguem o princ\u00edpio da reciprocidade e exigem vistos de nacionais dos Estados Unidos. A Argentina n\u00e3o exige, o Paraguai n\u00e3o exige, o Uruguai n\u00e3o exige, o Peru n\u00e3o exige, a Col\u00f4mbia n\u00e3o exige, o Equador n\u00e3o exige, bem como outros 20 pa\u00edses da regi\u00e3o. Todos estes pa\u00edses compreendem que, mais importante do que o princ\u00edpio da reciprocidade, \u00e9 a defesa do emprego, da renda e do bem-estar de seus cidad\u00e3os\u201d, defende o parlamentar.<\/p>\n\n\n\n<p><strong>Metr\u00f3poles<\/strong><\/p>\n","protected":false},"excerpt":{"rendered":"<p>A C\u00e2mara dos Deputados aprovou nesta segunda-feira (18\/12) a urg\u00eancia na tramita\u00e7\u00e3o do Projeto de Decreto Legislativo n\u00ba 140\/2023, que<\/p>\n","protected":false},"author":1,"featured_media":4135,"comment_status":"open","ping_status":"open","sticky":false,"template":"","format":"standard","meta":{"footnotes":""},"categories":[2],"tags":[],"class_list":["post-4134","post","type-post","status-publish","format-standard","has-post-thumbnail","hentry","category-noticias"],"_links":{"self":[{"href":"https:\/\/jornaloalvorada.com.br\/site\/wp-json\/wp\/v2\/posts\/4134","targetHints":{"allow":["GET"]}}],"collection":[{"href":"https:\/\/jornaloalvorada.com.br\/site\/wp-json\/wp\/v2\/posts"}],"about":[{"href":"https:\/\/jornaloalvorada.com.br\/site\/wp-json\/wp\/v2\/types\/post"}],"author":[{"embeddable":true,"href":"https:\/\/jornaloalvorada.com.br\/site\/wp-json\/wp\/v2\/users\/1"}],"replies":[{"embeddable":true,"href":"https:\/\/jornaloalvorada.com.br\/site\/wp-json\/wp\/v2\/comments?post=4134"}],"version-history":[{"count":1,"href":"https:\/\/jornaloalvorada.com.br\/site\/wp-json\/wp\/v2\/posts\/4134\/revisions"}],"predecessor-version":[{"id":4136,"href":"https:\/\/jornaloalvorada.com.br\/site\/wp-json\/wp\/v2\/posts\/4134\/revisions\/4136"}],"wp:featuredmedia":[{"embeddable":true,"href":"https:\/\/jornaloalvorada.com.br\/site\/wp-json\/wp\/v2\/media\/4135"}],"wp:attachment":[{"href":"https:\/\/jornaloalvorada.com.br\/site\/wp-json\/wp\/v2\/media?parent=4134"}],"wp:term":[{"taxonomy":"category","embeddable":true,"href":"https:\/\/jornaloalvorada.com.br\/site\/wp-json\/wp\/v2\/categories?post=4134"},{"taxonomy":"post_tag","embeddable":true,"href":"https:\/\/jornaloalvorada.com.br\/site\/wp-json\/wp\/v2\/tags?post=4134"}],"curies":[{"name":"wp","href":"https:\/\/api.w.org\/{rel}","templated":true}]}}