{"id":4131,"date":"2023-12-19T13:43:15","date_gmt":"2023-12-19T17:43:15","guid":{"rendered":"https:\/\/jornaloalvorada.com.br\/site\/?p=4131"},"modified":"2023-12-19T13:43:39","modified_gmt":"2023-12-19T17:43:39","slug":"bolsonaro-x-eleicoes-2026-por-eduardo-cunha","status":"publish","type":"post","link":"https:\/\/jornaloalvorada.com.br\/site\/2023\/12\/19\/bolsonaro-x-eleicoes-2026-por-eduardo-cunha\/","title":{"rendered":"Bolsonaro X Elei\u00e7\u00f5es 2026 por Eduardo Cunha"},"content":{"rendered":"\n<p>\u201cA demoniza\u00e7\u00e3o dos advers\u00e1rios, sempre foi a t\u00e1tica preferida do PT, pois \u00e9 a \u00fanica forma de manter a polariza\u00e7\u00e3o e receber os votos daqueles que passam a rejeitar os demonizados.<\/p>\n\n\n\n<p>Tanto deu certo, que conseguiram ganhar diversas elei\u00e7\u00f5es, mas s\u00f3 se esquecem que com Bolsonaro de opositor, a demoniza\u00e7\u00e3o n\u00e3o ter\u00e1 o mesmo efeito, at\u00e9 porque diferente de FHC, Bolsonaro n\u00e3o \u00e9 simplesmente um nome a ser abatido, mas uma ideia que n\u00e3o ser\u00e1 simplesmente derrotada por um processo bobo de cr\u00edticas dos advers\u00e1rios.<\/p>\n\n\n\n<p>Bolsonaro est\u00e1 vivo e muito vivo na pol\u00edtica e, na mente daqueles que n\u00e3o aceitam serem governados pelo PT, principalmente pelo PT de sempre, porque se o PT tivesse aproveitado a oportunidade que a rejei\u00e7\u00e3o de Bolsonaro e o 8 de Janeiro lhe proporcionaram, talvez a hist\u00f3ria pudesse mudar.<\/p>\n\n\n\n<p>Como estamos vendo, Lula n\u00e3o mudou nada, porque n\u00e3o quis ou porque o PT n\u00e3o deixou, mas de qualquer forma as pesquisas v\u00e3o constatando a sua queda lenta e cont\u00ednua de retorno ao tamanho real do PT, de cerca de um ter\u00e7o do eleitorado.<\/p>\n\n\n\n<p>Bolsonaro se tornou ineleg\u00edvel, cometeu o erro de permitir que parte dos seus apoiadores no Congresso patrocinassem uma CPI suicida sobre o 8 de Janeiro, que jamais teria chances de atingir a quem quer que seja, que n\u00e3o fosse a eles mesmo, mas n\u00e3o se iludam, ser\u00e1 ator decisivo nas elei\u00e7\u00f5es de 2026.<\/p>\n\n\n\n<p>A exemplo do que ocorreu com Lula em 2018, Bolsonaro ser\u00e1 candidato a presidente em 2026, deixando a Justi\u00e7a Eleitoral o julgar ineleg\u00edvel, negando o seu registro, fazendo igual Lula fez em 2018, sendo substitu\u00eddo na \u00faltima hora por Haddad, mas conseguindo alavancar a campanha que acabou derrotada por Bolsonaro em 2\u00ba turno.<\/p>\n\n\n\n<p>A diferen\u00e7a foi que Lula se lan\u00e7ou candidato de dentro da cadeia e de l\u00e1 n\u00e3o podia fazer campanha. Bolsonaro j\u00e1 est\u00e1 fazendo campanha o tempo todo e a sua campanha continuar\u00e1 at\u00e9 setembro de 2026, podendo na \u00faltima hora escolher o seu representante nas elei\u00e7\u00f5es, que j\u00e1 estar\u00e1 no 2\u00ba turno, dependendo a\u00ed de outros fatores, para que o resultado seja favor\u00e1vel.<\/p>\n\n\n\n<p>N\u00e3o se iludam que a hist\u00f3ria ser\u00e1 escrita dessa forma, sendo que o candidato inscrito como vice na chapa de Bolsonaro, dever\u00e1 ser o escolhido para represent\u00e1-lo, exatamente igual ao ocorrido em 2018 com Lula.<\/p>\n\n\n\n<p>N\u00e3o se espantem, se n\u00e3o estiver algu\u00e9m com o sobrenome Bolsonaro como substituto da candidatura ineleg\u00edvel, pois a campanha j\u00e1 estar\u00e1 t\u00e3o polarizada, que ser\u00e1 muito mais f\u00e1cil passar esse apoio para si mesmo (outro Bolsonaro), do que para qualquer outro que queira representar a direita ou o antipetismo.<\/p>\n\n\n\n<p>Quem viver ver\u00e1.\u201c<\/p>\n\n\n\n<hr class=\"wp-block-separator has-alpha-channel-opacity\"\/>\n\n\n\n<p>\u058e https:\/\/br1.top\/telegram<br>\u058e https:\/\/br1.top\/signal<br>\u058e https:\/\/br1.top\/whats<\/p>\n","protected":false},"excerpt":{"rendered":"<p>\u201cA demoniza\u00e7\u00e3o dos advers\u00e1rios, sempre foi a t\u00e1tica preferida do PT, pois \u00e9 a \u00fanica forma de manter a polariza\u00e7\u00e3o<\/p>\n","protected":false},"author":1,"featured_media":4132,"comment_status":"open","ping_status":"open","sticky":false,"template":"","format":"standard","meta":{"footnotes":""},"categories":[10,2],"tags":[],"class_list":["post-4131","post","type-post","status-publish","format-standard","has-post-thumbnail","hentry","category-artigo","category-noticias"],"_links":{"self":[{"href":"https:\/\/jornaloalvorada.com.br\/site\/wp-json\/wp\/v2\/posts\/4131","targetHints":{"allow":["GET"]}}],"collection":[{"href":"https:\/\/jornaloalvorada.com.br\/site\/wp-json\/wp\/v2\/posts"}],"about":[{"href":"https:\/\/jornaloalvorada.com.br\/site\/wp-json\/wp\/v2\/types\/post"}],"author":[{"embeddable":true,"href":"https:\/\/jornaloalvorada.com.br\/site\/wp-json\/wp\/v2\/users\/1"}],"replies":[{"embeddable":true,"href":"https:\/\/jornaloalvorada.com.br\/site\/wp-json\/wp\/v2\/comments?post=4131"}],"version-history":[{"count":1,"href":"https:\/\/jornaloalvorada.com.br\/site\/wp-json\/wp\/v2\/posts\/4131\/revisions"}],"predecessor-version":[{"id":4133,"href":"https:\/\/jornaloalvorada.com.br\/site\/wp-json\/wp\/v2\/posts\/4131\/revisions\/4133"}],"wp:featuredmedia":[{"embeddable":true,"href":"https:\/\/jornaloalvorada.com.br\/site\/wp-json\/wp\/v2\/media\/4132"}],"wp:attachment":[{"href":"https:\/\/jornaloalvorada.com.br\/site\/wp-json\/wp\/v2\/media?parent=4131"}],"wp:term":[{"taxonomy":"category","embeddable":true,"href":"https:\/\/jornaloalvorada.com.br\/site\/wp-json\/wp\/v2\/categories?post=4131"},{"taxonomy":"post_tag","embeddable":true,"href":"https:\/\/jornaloalvorada.com.br\/site\/wp-json\/wp\/v2\/tags?post=4131"}],"curies":[{"name":"wp","href":"https:\/\/api.w.org\/{rel}","templated":true}]}}