{"id":4128,"date":"2023-12-19T10:55:24","date_gmt":"2023-12-19T14:55:24","guid":{"rendered":"https:\/\/jornaloalvorada.com.br\/site\/?p=4128"},"modified":"2023-12-19T10:55:26","modified_gmt":"2023-12-19T14:55:26","slug":"formatura-de-joao-9o-ano","status":"publish","type":"post","link":"https:\/\/jornaloalvorada.com.br\/site\/2023\/12\/19\/formatura-de-joao-9o-ano\/","title":{"rendered":"Formatura de Jo\u00e3o &#8211; 9\u00ba ano"},"content":{"rendered":"\n<p>&#8220;Enfim chegou o grande dia meu filho formatura 9\u2070 ano. Que vc continue sempre assim firme nos estudos e que seja sempre essa pessoa querida, Educado, estudioso parab\u00e9ns&#8221;. Diz a m\u00e3e Valdete Gon\u00e7alves<\/p>\n","protected":false},"excerpt":{"rendered":"<p>&#8220;Enfim chegou o grande dia meu filho formatura 9\u2070 ano. Que vc continue sempre assim firme nos estudos e que<\/p>\n","protected":false},"author":1,"featured_media":4129,"comment_status":"open","ping_status":"open","sticky":false,"template":"","format":"standard","meta":{"footnotes":""},"categories":[3],"tags":[],"class_list":["post-4128","post","type-post","status-publish","format-standard","has-post-thumbnail","hentry","category-social"],"_links":{"self":[{"href":"https:\/\/jornaloalvorada.com.br\/site\/wp-json\/wp\/v2\/posts\/4128","targetHints":{"allow":["GET"]}}],"collection":[{"href":"https:\/\/jornaloalvorada.com.br\/site\/wp-json\/wp\/v2\/posts"}],"about":[{"href":"https:\/\/jornaloalvorada.com.br\/site\/wp-json\/wp\/v2\/types\/post"}],"author":[{"embeddable":true,"href":"https:\/\/jornaloalvorada.com.br\/site\/wp-json\/wp\/v2\/users\/1"}],"replies":[{"embeddable":true,"href":"https:\/\/jornaloalvorada.com.br\/site\/wp-json\/wp\/v2\/comments?post=4128"}],"version-history":[{"count":1,"href":"https:\/\/jornaloalvorada.com.br\/site\/wp-json\/wp\/v2\/posts\/4128\/revisions"}],"predecessor-version":[{"id":4130,"href":"https:\/\/jornaloalvorada.com.br\/site\/wp-json\/wp\/v2\/posts\/4128\/revisions\/4130"}],"wp:featuredmedia":[{"embeddable":true,"href":"https:\/\/jornaloalvorada.com.br\/site\/wp-json\/wp\/v2\/media\/4129"}],"wp:attachment":[{"href":"https:\/\/jornaloalvorada.com.br\/site\/wp-json\/wp\/v2\/media?parent=4128"}],"wp:term":[{"taxonomy":"category","embeddable":true,"href":"https:\/\/jornaloalvorada.com.br\/site\/wp-json\/wp\/v2\/categories?post=4128"},{"taxonomy":"post_tag","embeddable":true,"href":"https:\/\/jornaloalvorada.com.br\/site\/wp-json\/wp\/v2\/tags?post=4128"}],"curies":[{"name":"wp","href":"https:\/\/api.w.org\/{rel}","templated":true}]}}