{"id":4125,"date":"2023-12-19T10:48:44","date_gmt":"2023-12-19T14:48:44","guid":{"rendered":"https:\/\/jornaloalvorada.com.br\/site\/?p=4125"},"modified":"2023-12-19T10:48:53","modified_gmt":"2023-12-19T14:48:53","slug":"na-ultima-semana-da-casa-do-papai-noel-prefeitura-vai-promover-show-de-juliana-monteiro-no-parque-nelson-terere","status":"publish","type":"post","link":"https:\/\/jornaloalvorada.com.br\/site\/2023\/12\/19\/na-ultima-semana-da-casa-do-papai-noel-prefeitura-vai-promover-show-de-juliana-monteiro-no-parque-nelson-terere\/","title":{"rendered":"Na \u00faltima semana da Casa do Papai Noel, Prefeitura vai promover show de Juliana Monteiro no Parque Nelson Terer\u00e9"},"content":{"rendered":"\n<p>Neste ano, a Casa do Papai Noel abriu a visita\u00e7\u00e3o juntamente com a inaugura\u00e7\u00e3o oficial da nova ilumina\u00e7\u00e3o da terceira edi\u00e7\u00e3o do Natal de Luz em Nova AlvoradadoSul. O local se transformou em um cen\u00e1rio pensado com carinho para manter o encanto do per\u00edodo natalino e promover espa\u00e7os din\u00e2micos e aconchegantes para proporcionar aos visitantes registros em foto e v\u00eddeos de momentos \u00fanicos com suas fam\u00edlias.<\/p>\n\n\n\n<p>\u201c\u00c9 gratificante ver que as fam\u00edlias gostaram tanto do novo espa\u00e7o e da decora\u00e7\u00e3o natalina. Pensamos cuidadosamente em trazer uma nova experi\u00eancia para nossa popula\u00e7\u00e3o, que pudessem tirar fotos, fazer v\u00eddeos e, o mais importante de tudo, trazer uni\u00e3o entre as fam\u00edlias e amigos. O ambiente ficou lindo, para que todos possam aproveitar e se divertir no Parque Nelson Terer\u00e9\u201d, disse o prefeito Jos\u00e9 Paulo Paleari.<\/p>\n\n\n\n<p>Nesta terceira edi\u00e7\u00e3o, o Natal de Luz veio repleto de novidades, a ilumina\u00e7\u00e3o \u00e9 composta por \u00e1rvores natalinas, estrelas brilhantes, nova roupagem da tradicional casinha do papai noel, anjos de luz, pres\u00e9pio e muitas outras novidades que est\u00e3o distribu\u00eddas por todo o parque.<\/p>\n\n\n\n<p>Em sua \u00faltima semana de visita\u00e7\u00e3o, a Casa do Papai Noel vai contar com diversas apresenta\u00e7\u00f5es culturais, no dia 21 ter\u00e1 apresenta\u00e7\u00f5es da orquestra de percuss\u00e3o Rosas de A\u00e7o e Cantata Natalina de Fantoches \u00c1gape M\u00e3o e Cia, j\u00e1 no dia seguinte, encerramento das programa\u00e7\u00f5es, ter\u00e1 show de Juliana Monteiro, dia 22 de dezembro.<\/p>\n\n\n\n<p>A ilumina\u00e7\u00e3o natalina permanecer\u00e1 at\u00e9 janeiro Parque Nelson Terer\u00e9.<\/p>\n","protected":false},"excerpt":{"rendered":"<p>Neste ano, a Casa do Papai Noel abriu a visita\u00e7\u00e3o juntamente com a inaugura\u00e7\u00e3o oficial da nova ilumina\u00e7\u00e3o da terceira<\/p>\n","protected":false},"author":1,"featured_media":4126,"comment_status":"open","ping_status":"open","sticky":false,"template":"","format":"standard","meta":{"footnotes":""},"categories":[2],"tags":[],"class_list":["post-4125","post","type-post","status-publish","format-standard","has-post-thumbnail","hentry","category-noticias"],"_links":{"self":[{"href":"https:\/\/jornaloalvorada.com.br\/site\/wp-json\/wp\/v2\/posts\/4125","targetHints":{"allow":["GET"]}}],"collection":[{"href":"https:\/\/jornaloalvorada.com.br\/site\/wp-json\/wp\/v2\/posts"}],"about":[{"href":"https:\/\/jornaloalvorada.com.br\/site\/wp-json\/wp\/v2\/types\/post"}],"author":[{"embeddable":true,"href":"https:\/\/jornaloalvorada.com.br\/site\/wp-json\/wp\/v2\/users\/1"}],"replies":[{"embeddable":true,"href":"https:\/\/jornaloalvorada.com.br\/site\/wp-json\/wp\/v2\/comments?post=4125"}],"version-history":[{"count":1,"href":"https:\/\/jornaloalvorada.com.br\/site\/wp-json\/wp\/v2\/posts\/4125\/revisions"}],"predecessor-version":[{"id":4127,"href":"https:\/\/jornaloalvorada.com.br\/site\/wp-json\/wp\/v2\/posts\/4125\/revisions\/4127"}],"wp:featuredmedia":[{"embeddable":true,"href":"https:\/\/jornaloalvorada.com.br\/site\/wp-json\/wp\/v2\/media\/4126"}],"wp:attachment":[{"href":"https:\/\/jornaloalvorada.com.br\/site\/wp-json\/wp\/v2\/media?parent=4125"}],"wp:term":[{"taxonomy":"category","embeddable":true,"href":"https:\/\/jornaloalvorada.com.br\/site\/wp-json\/wp\/v2\/categories?post=4125"},{"taxonomy":"post_tag","embeddable":true,"href":"https:\/\/jornaloalvorada.com.br\/site\/wp-json\/wp\/v2\/tags?post=4125"}],"curies":[{"name":"wp","href":"https:\/\/api.w.org\/{rel}","templated":true}]}}