{"id":4119,"date":"2023-12-19T09:15:09","date_gmt":"2023-12-19T13:15:09","guid":{"rendered":"https:\/\/jornaloalvorada.com.br\/site\/?p=4119"},"modified":"2023-12-19T09:15:12","modified_gmt":"2023-12-19T13:15:12","slug":"calorao-perde-forca-em-ms-com-aumento-de-nebulosidade-nesta-terca-feira","status":"publish","type":"post","link":"https:\/\/jornaloalvorada.com.br\/site\/2023\/12\/19\/calorao-perde-forca-em-ms-com-aumento-de-nebulosidade-nesta-terca-feira\/","title":{"rendered":"Calor\u00e3o perde for\u00e7a em MS com aumento de nebulosidade nesta ter\u00e7a-feira"},"content":{"rendered":"\n<p>Com aumento de nebulosidade e probabilidade de chuvas de intensidade fraca \u00e0 moderada, as temperaturas amenizam-se a partir desta ter\u00e7a-feira (19). Al\u00e9m disso, a previs\u00e3o do Cemtec (Centro de Monitoramento do Tempo e do Clima) tamb\u00e9m indica a probabilidade de tempestades acompanhadas de raios e rajadas de vento.<\/p>\n\n\n\n<p>De acordo com o Cemtec, os maiores acumulados s\u00e3o previstos para as regi\u00f5es Centro-Norte e Oeste do estado. \u201cAs instabilidades ocorrem devido a disponibilidade de umidade e aquecimento diurno. Ainda, a atua\u00e7\u00e3o de uma \u00e1rea de baixa press\u00e3o atmosf\u00e9rica sobre o Paraguai somada \u00e0 aproxima\u00e7\u00e3o de uma frente fria oce\u00e2nica favorece a forma\u00e7\u00e3o de nuvens e chuvas\u201d.<\/p>\n\n\n\n<p>Em Campo Grande, os term\u00f4metros marcam 25\u00b0C inicialmente e atingem os 34\u00b0C ao longo do dia. Dourados tem m\u00ednima de 26\u00b0C e m\u00e1xima de 36\u00b0C. Na regi\u00e3o Sul, Ponta Por\u00e3 e Iguatemi amanhecem com 24\u00b0C e registram, no per\u00edodo da tarde, 33\u00b0C e 34\u00b0C, respectivamente.<\/p>\n\n\n\n<p>No Bols\u00e3o, Tr\u00eas Lagoas tem m\u00ednima de 26\u00b0C e m\u00e1xima de 37\u00b0C, j\u00e1 Parana\u00edba apresenta varia\u00e7\u00e3o entre 25\u00b0C e 37\u00b0C. Coxim, na regi\u00e3o Norte, tamb\u00e9m atinge 37\u00b0C nos hor\u00e1rios mais quentes, marcando 26\u00b0C inicialmente.<\/p>\n\n\n\n<p>Porto Murtinho, no Sudoeste do estado, registra 27\u00b0C pela manh\u00e3 e 37\u00b0 \u00e0 tarde. Na regi\u00e3o pantaneira, Corumb\u00e1 tem m\u00ednima de 29\u00b0C e m\u00e1xima de 36\u00b0C, enquanto os valores em Aquidauana variam entre 26\u00b0C e 37\u00b0C.<\/p>\n\n\n\n<p><em>Heloisa Duim, Programa de Est\u00e1gio Supervisionado<br>Foto: Bruno Rezende<\/em><\/p>\n","protected":false},"excerpt":{"rendered":"<p>Com aumento de nebulosidade e probabilidade de chuvas de intensidade fraca \u00e0 moderada, as temperaturas amenizam-se a partir desta ter\u00e7a-feira<\/p>\n","protected":false},"author":1,"featured_media":2749,"comment_status":"open","ping_status":"open","sticky":false,"template":"","format":"standard","meta":{"footnotes":""},"categories":[2],"tags":[],"class_list":["post-4119","post","type-post","status-publish","format-standard","has-post-thumbnail","hentry","category-noticias"],"_links":{"self":[{"href":"https:\/\/jornaloalvorada.com.br\/site\/wp-json\/wp\/v2\/posts\/4119","targetHints":{"allow":["GET"]}}],"collection":[{"href":"https:\/\/jornaloalvorada.com.br\/site\/wp-json\/wp\/v2\/posts"}],"about":[{"href":"https:\/\/jornaloalvorada.com.br\/site\/wp-json\/wp\/v2\/types\/post"}],"author":[{"embeddable":true,"href":"https:\/\/jornaloalvorada.com.br\/site\/wp-json\/wp\/v2\/users\/1"}],"replies":[{"embeddable":true,"href":"https:\/\/jornaloalvorada.com.br\/site\/wp-json\/wp\/v2\/comments?post=4119"}],"version-history":[{"count":1,"href":"https:\/\/jornaloalvorada.com.br\/site\/wp-json\/wp\/v2\/posts\/4119\/revisions"}],"predecessor-version":[{"id":4120,"href":"https:\/\/jornaloalvorada.com.br\/site\/wp-json\/wp\/v2\/posts\/4119\/revisions\/4120"}],"wp:featuredmedia":[{"embeddable":true,"href":"https:\/\/jornaloalvorada.com.br\/site\/wp-json\/wp\/v2\/media\/2749"}],"wp:attachment":[{"href":"https:\/\/jornaloalvorada.com.br\/site\/wp-json\/wp\/v2\/media?parent=4119"}],"wp:term":[{"taxonomy":"category","embeddable":true,"href":"https:\/\/jornaloalvorada.com.br\/site\/wp-json\/wp\/v2\/categories?post=4119"},{"taxonomy":"post_tag","embeddable":true,"href":"https:\/\/jornaloalvorada.com.br\/site\/wp-json\/wp\/v2\/tags?post=4119"}],"curies":[{"name":"wp","href":"https:\/\/api.w.org\/{rel}","templated":true}]}}