{"id":4115,"date":"2023-12-18T09:21:36","date_gmt":"2023-12-18T13:21:36","guid":{"rendered":"https:\/\/jornaloalvorada.com.br\/site\/?p=4115"},"modified":"2023-12-18T09:21:38","modified_gmt":"2023-12-18T13:21:38","slug":"fluminense-estreia-no-mundial-de-clubes-contra-o-al-ahly-do-egito","status":"publish","type":"post","link":"https:\/\/jornaloalvorada.com.br\/site\/2023\/12\/18\/fluminense-estreia-no-mundial-de-clubes-contra-o-al-ahly-do-egito\/","title":{"rendered":"Fluminense estreia no Mundial de Clubes contra o Al Ahly, do Egito"},"content":{"rendered":"\n<p>Ap\u00f3s a conquista do <a href=\"https:\/\/agenciabrasil.ebc.com.br\/esportes\/noticia\/2023-11\/fluminense-derrota-boca-juniors-na-garra-e-fatura-1a-taca-libertadores\" target=\"_blank\" rel=\"noreferrer noopener\"><strong>primeiro t\u00edtulo da Copa Libertadores da Am\u00e9rica <\/strong><\/a>h\u00e1 44 dias,&nbsp;o Fluminense d\u00e1 o pontap\u00e9 inicial nesta segunda-feira (18) rumo a outra conquista hist\u00f3rica para o clube: o t\u00edulo do Mundial de Clubes da Fifa. \u00c1s 15h (hor\u00e1rio de Bras\u00edlia), a equipe comanda pelo t\u00e9cnico Fernando Diniz entra&nbsp;em campo contra o&nbsp;Al Ahly (Egito), campe\u00e3o da Champions League da \u00c1frica, pelas semifinais do Mundial,&nbsp;no Est\u00e1dio King Abdullah, em Jeddah (Ar\u00e1bia Saudita).<img decoding=\"async\" src=\"https:\/\/agenciabrasil.ebc.com.br\/ebc.png?id=1573018&amp;o=node\"><img decoding=\"async\" src=\"https:\/\/agenciabrasil.ebc.com.br\/ebc.gif?id=1573018&amp;o=node\"><\/p>\n\n\n\n<p>Debutante na competi\u00e7\u00e3o, o Tricolor medir\u00e1 for\u00e7as contra um velho conhecido no Mundial. O&nbsp;Al Ahly j\u00e1 participou de nove edi\u00e7\u00f5es&nbsp;e, apesar de n\u00e3o tenha vencido nenhuma, obteve o terceiro lugar em 2006, 2020 e 2021. O time eg\u00edpcio assegurou presen\u00e7a na semi contra o Flu ao eliminar na \u00faltima sexta (15), por 3 a 1, o anfitri\u00e3o Al-Ittihad, cujo elenco conta com estrelas como Benzema e Kant\u00e9.&nbsp;<\/p>\n\n\n\n<p>S\u00f3 a vit\u00f3ria interessa \u00e0 equipe carioca nesta segunda (18).&nbsp;Se ganhar, o Fluminense se classifica para a disputa do t\u00edtulo mundial contra o vencedor da outra semi, entre Manchester City e Urawa Red Diamonds,&nbsp;\u00e0s 15h de ter\u00e7a (19). A final do Mundial de Clubes ocorrer\u00e1 na pr\u00f3xima sexta (22), \u00e0s 15h.<\/p>\n\n\n\n<p>Ciente do desafio que o Flu tem pela frente, Diniz afirmou durante coletiva no domingo (17)&nbsp;que o time conhece bem o advers\u00e1rio eg\u00edpcio e est\u00e1 preparado para dar o seu&nbsp; melhor em campo.&nbsp;<\/p>\n\n\n\n<blockquote class=\"wp-block-quote is-layout-flow wp-block-quote-is-layout-flow\">\n<p>\u201cA gente assistiu sete jogos do Al Ahly, n\u00e3o foi s\u00f3 o \u00faltimo, e tamb\u00e9m sete jogos do Al-Ittihad. Eles [o Al Ahly] t\u00eam uma base muito forte, \u00e9 um time que mexe pouco, um jeito de jogar muito consistente, jogadores muito bons, um time extremamente&nbsp; popular, com uma torcida gigante. \u00c9 um time que chega com todo o m\u00e9rito e tem todo nosso respeito\u201d.<\/p>\n<\/blockquote>\n\n\n\n<p>A temporada do Tricolor neste ano foi coroada com o t\u00edtulo&nbsp;da Libertadores ap\u00f3s triunfo sobre o&nbsp;Boca Junions (Argentina) por 2 a 1 no Maracan\u00e3.&nbsp;Agora,&nbsp;o Flu est\u00e1 a&nbsp;dois jogos de, quem sabe, faturar outro t\u00edtulo in\u00e9dito para sua cole\u00e7\u00e3o na sede das Laranjeiras, bairro na zona sul do Rio de Janeiro.<\/p>\n\n\n\n<blockquote class=\"wp-block-quote is-layout-flow wp-block-quote-is-layout-flow\">\n<p>\u201cDisputar o Mundial de Clubes para n\u00f3s foi todos os dias, desde que eu cheguei ao Fluminense. Era um sonho que a gente nutria. N\u00e3o foi algo que aconteceu na casualidade, muito pelo contr\u00e1rio, foi muito trabalho. Obviamente, n\u00e3o \u00e9 porque voc\u00ea trabalha muito que voc\u00ea vai ganhar, mas trabalhar muito e sonhar todos os dias que \u00e9 poss\u00edvel te aproxima das conquistas e foi o que nos trouxe at\u00e9 aqui\u201d, pontuou Diniz, que retornou ao Tricolor em abril de 2022.&nbsp;<\/p>\n<\/blockquote>\n\n\n\n<h2 class=\"wp-block-heading\">Poss\u00edveis escala\u00e7\u00f5es&nbsp;<\/h2>\n\n\n\n<p><strong>Fluminense<\/strong>: F\u00e1bio; Samuel Xavier (Guga), Nino, Felipe Melo e Marcelo; Andr\u00e9, Matheus Martinelli e Ganso; Arias, Keno e Cano.&nbsp;<\/p>\n\n\n\n<p><strong>Al Ahly<\/strong> \u2013 El Shanawy; M. Hany, El Hanafi, Abdelmonem e Ma\u00e2loul (El Debes); Attia, Ashour e Koka (Fouad); Tau, El Shahat e Kahraba.<\/p>\n\n\n\n<p><strong><em>Fonte: Ag\u00eancia Brasil<\/em><\/strong><\/p>\n","protected":false},"excerpt":{"rendered":"<p>Ap\u00f3s a conquista do primeiro t\u00edtulo da Copa Libertadores da Am\u00e9rica h\u00e1 44 dias,&nbsp;o Fluminense d\u00e1 o pontap\u00e9 inicial nesta<\/p>\n","protected":false},"author":1,"featured_media":4116,"comment_status":"open","ping_status":"open","sticky":false,"template":"","format":"standard","meta":{"footnotes":""},"categories":[2],"tags":[],"class_list":["post-4115","post","type-post","status-publish","format-standard","has-post-thumbnail","hentry","category-noticias"],"_links":{"self":[{"href":"https:\/\/jornaloalvorada.com.br\/site\/wp-json\/wp\/v2\/posts\/4115","targetHints":{"allow":["GET"]}}],"collection":[{"href":"https:\/\/jornaloalvorada.com.br\/site\/wp-json\/wp\/v2\/posts"}],"about":[{"href":"https:\/\/jornaloalvorada.com.br\/site\/wp-json\/wp\/v2\/types\/post"}],"author":[{"embeddable":true,"href":"https:\/\/jornaloalvorada.com.br\/site\/wp-json\/wp\/v2\/users\/1"}],"replies":[{"embeddable":true,"href":"https:\/\/jornaloalvorada.com.br\/site\/wp-json\/wp\/v2\/comments?post=4115"}],"version-history":[{"count":1,"href":"https:\/\/jornaloalvorada.com.br\/site\/wp-json\/wp\/v2\/posts\/4115\/revisions"}],"predecessor-version":[{"id":4117,"href":"https:\/\/jornaloalvorada.com.br\/site\/wp-json\/wp\/v2\/posts\/4115\/revisions\/4117"}],"wp:featuredmedia":[{"embeddable":true,"href":"https:\/\/jornaloalvorada.com.br\/site\/wp-json\/wp\/v2\/media\/4116"}],"wp:attachment":[{"href":"https:\/\/jornaloalvorada.com.br\/site\/wp-json\/wp\/v2\/media?parent=4115"}],"wp:term":[{"taxonomy":"category","embeddable":true,"href":"https:\/\/jornaloalvorada.com.br\/site\/wp-json\/wp\/v2\/categories?post=4115"},{"taxonomy":"post_tag","embeddable":true,"href":"https:\/\/jornaloalvorada.com.br\/site\/wp-json\/wp\/v2\/tags?post=4115"}],"curies":[{"name":"wp","href":"https:\/\/api.w.org\/{rel}","templated":true}]}}