{"id":4106,"date":"2023-12-18T09:18:39","date_gmt":"2023-12-18T13:18:39","guid":{"rendered":"https:\/\/jornaloalvorada.com.br\/site\/?p=4106"},"modified":"2023-12-18T09:18:42","modified_gmt":"2023-12-18T13:18:42","slug":"sol-calor-e-pancadas-de-chuvas-sao-esperadas-para-esta-semana-no-estado","status":"publish","type":"post","link":"https:\/\/jornaloalvorada.com.br\/site\/2023\/12\/18\/sol-calor-e-pancadas-de-chuvas-sao-esperadas-para-esta-semana-no-estado\/","title":{"rendered":"Sol, calor e pancadas de chuvas s\u00e3o esperadas para esta semana no Estado"},"content":{"rendered":"\n<p>Na segunda -feira (18), a previs\u00e3o indica tempo est\u00e1vel, com predom\u00ednio de sol e varia\u00e7\u00e3o de nebulosidade devido a atua\u00e7\u00e3o de uma alta press\u00e3o atmosf\u00e9rica. &#8220;Por\u00e9m, n\u00e3o se descartam pancadas de chuvas isoladas. Neste dia, s\u00e3o esperadas altas temperaturas com valores entre 37\u00b0C e 40\u00b0C e baixos valores de umidade relativa do ar, entre 15% e 35%, com destaque nas regi\u00f5es Norte, Bols\u00e3o, Pantaneira e Sudoeste&#8221;, diz a metereologista Valesca Fernandes, do Cemtec (Centro de Monitoramento do Tempo e do Clima), \u00f3rg\u00e3o vinculado \u00e0 Semadesc (Secretaria de Estado de Meio Ambiente, Desenvolvimento, Ci\u00eancia, Tecnologia e Inova\u00e7\u00e3o).<\/p>\n\n\n\n<p>Ainda segundo o Cemtec, est\u00e3o previstas temperaturas m\u00ednimas entre 25\u00b0C e 26\u00b0C e m\u00e1ximas que podem atingir os 38\u00b0C nas regi\u00f5es Sul e Leste.<\/p>\n\n\n\n<p>Para as regi\u00f5es Pantaneira, Bols\u00e3o, Sudoeste e Norte s\u00e3o esperadas m\u00ednimas entre 24\u00b0C e 28\u00b0C e m\u00e1ximas de at\u00e9 40\u00b0C.&nbsp; Em Campo Grande, a temperatura m\u00ednima deve ser de 26\u00b0C e m\u00e1xima de at\u00e9 36\u00b0C.<\/p>\n\n\n\n<p><strong><em>Alexandre Gonzaga, Comunica\u00e7\u00e3o do Governo de MS<\/em><br><em>Foto: Bruno Rezende<\/em><\/strong><\/p>\n","protected":false},"excerpt":{"rendered":"<p>Na segunda -feira (18), a previs\u00e3o indica tempo est\u00e1vel, com predom\u00ednio de sol e varia\u00e7\u00e3o de nebulosidade devido a atua\u00e7\u00e3o<\/p>\n","protected":false},"author":1,"featured_media":4107,"comment_status":"open","ping_status":"open","sticky":false,"template":"","format":"standard","meta":{"footnotes":""},"categories":[2],"tags":[],"class_list":["post-4106","post","type-post","status-publish","format-standard","has-post-thumbnail","hentry","category-noticias"],"_links":{"self":[{"href":"https:\/\/jornaloalvorada.com.br\/site\/wp-json\/wp\/v2\/posts\/4106","targetHints":{"allow":["GET"]}}],"collection":[{"href":"https:\/\/jornaloalvorada.com.br\/site\/wp-json\/wp\/v2\/posts"}],"about":[{"href":"https:\/\/jornaloalvorada.com.br\/site\/wp-json\/wp\/v2\/types\/post"}],"author":[{"embeddable":true,"href":"https:\/\/jornaloalvorada.com.br\/site\/wp-json\/wp\/v2\/users\/1"}],"replies":[{"embeddable":true,"href":"https:\/\/jornaloalvorada.com.br\/site\/wp-json\/wp\/v2\/comments?post=4106"}],"version-history":[{"count":1,"href":"https:\/\/jornaloalvorada.com.br\/site\/wp-json\/wp\/v2\/posts\/4106\/revisions"}],"predecessor-version":[{"id":4108,"href":"https:\/\/jornaloalvorada.com.br\/site\/wp-json\/wp\/v2\/posts\/4106\/revisions\/4108"}],"wp:featuredmedia":[{"embeddable":true,"href":"https:\/\/jornaloalvorada.com.br\/site\/wp-json\/wp\/v2\/media\/4107"}],"wp:attachment":[{"href":"https:\/\/jornaloalvorada.com.br\/site\/wp-json\/wp\/v2\/media?parent=4106"}],"wp:term":[{"taxonomy":"category","embeddable":true,"href":"https:\/\/jornaloalvorada.com.br\/site\/wp-json\/wp\/v2\/categories?post=4106"},{"taxonomy":"post_tag","embeddable":true,"href":"https:\/\/jornaloalvorada.com.br\/site\/wp-json\/wp\/v2\/tags?post=4106"}],"curies":[{"name":"wp","href":"https:\/\/api.w.org\/{rel}","templated":true}]}}