{"id":4097,"date":"2023-12-15T14:51:29","date_gmt":"2023-12-15T18:51:29","guid":{"rendered":"https:\/\/jornaloalvorada.com.br\/site\/?p=4097"},"modified":"2023-12-15T14:55:27","modified_gmt":"2023-12-15T18:55:27","slug":"paleari-e-psd-fecham-alianca-politica-para-2024-em-nova-alvorada-do-sul","status":"publish","type":"post","link":"https:\/\/jornaloalvorada.com.br\/site\/2023\/12\/15\/paleari-e-psd-fecham-alianca-politica-para-2024-em-nova-alvorada-do-sul\/","title":{"rendered":"Paleari e PSD fecham alian\u00e7a pol\u00edtica para 2024 em Nova Alvorada do Sul"},"content":{"rendered":"\n<p>Nova Alvorada do Sul, 15 de dezembro de 2023 &#8211; O prefeito de Nova Alvorada do Sul, Jos\u00e9 Paulo Paleari (PP), e o deputado estadual Pedro Pedrossian Neto (PSD), presidente do partido em Campo Grande, reuniram-se e fecharam alian\u00e7a pol\u00edtica para as elei\u00e7\u00f5es de 2024.<\/p>\n\n\n\n<p>O encontro aconteceu pela manh\u00e3 desta sexta-feira e contou tamb\u00e9m com a presen\u00e7a do ex-vereador N\u00e9lio Dias Justen, que \u00e9 presidente do PSD no munic\u00edpio.<\/p>\n\n\n\n<p>&#8220;Foi uma reuni\u00e3o muito produtiva com o Deputado Pedro Pedrossian Neto, onde conversamos sobre os projetos que temos para o munic\u00edpio e para o estado. Estamos alinhados em muitos pontos e acreditamos que essa alian\u00e7a ser\u00e1 muito importante para o desenvolvimento de Nova Alvorada do Sul&#8221;, disse Paleari.<\/p>\n\n\n\n<p>Pedrossian Neto tamb\u00e9m comemorou a alian\u00e7a. &#8220;Estamos muito felizes em firmar essa parceria com o prefeito Paleari. Ele \u00e9 um gestor competente e tem um projeto de desenvolvimento para o munic\u00edpio que \u00e9 muito alinhado com o nosso&#8221;, afirmou.<\/p>\n\n\n\n<p>A alian\u00e7a entre o PSD e o PP no munic\u00edpio \u00e9 um importante refor\u00e7o para o prefeito Paleari, que busca a reelei\u00e7\u00e3o em 2024 e o Senador Nelsinho Trad apoiou a alian\u00e7a firmada no munic\u00edpio.<\/p>\n\n\n\n<p><strong>PSD fechado com Paleari<\/strong><\/p>\n\n\n\n<p>Ap\u00f3s o encontro, Pedrossian Neto afirmou que o PSD est\u00e1 fechado politicamente com o prefeito Paleari. &#8220;N\u00e3o temos d\u00favidas de que o prefeito Paleari \u00e9 uma figura importante para Nova Alvorada do Sul. Ele \u00e9 um gestor competente e tem um projeto de desenvolvimento para o munic\u00edpio que \u00e9 muito importante para a nossa popula\u00e7\u00e3o&#8221;, disse.<\/p>\n","protected":false},"excerpt":{"rendered":"<p>Nova Alvorada do Sul, 15 de dezembro de 2023 &#8211; O prefeito de Nova Alvorada do Sul, Jos\u00e9 Paulo Paleari<\/p>\n","protected":false},"author":1,"featured_media":4098,"comment_status":"open","ping_status":"open","sticky":false,"template":"","format":"standard","meta":{"footnotes":""},"categories":[2],"tags":[],"class_list":["post-4097","post","type-post","status-publish","format-standard","has-post-thumbnail","hentry","category-noticias"],"_links":{"self":[{"href":"https:\/\/jornaloalvorada.com.br\/site\/wp-json\/wp\/v2\/posts\/4097","targetHints":{"allow":["GET"]}}],"collection":[{"href":"https:\/\/jornaloalvorada.com.br\/site\/wp-json\/wp\/v2\/posts"}],"about":[{"href":"https:\/\/jornaloalvorada.com.br\/site\/wp-json\/wp\/v2\/types\/post"}],"author":[{"embeddable":true,"href":"https:\/\/jornaloalvorada.com.br\/site\/wp-json\/wp\/v2\/users\/1"}],"replies":[{"embeddable":true,"href":"https:\/\/jornaloalvorada.com.br\/site\/wp-json\/wp\/v2\/comments?post=4097"}],"version-history":[{"count":2,"href":"https:\/\/jornaloalvorada.com.br\/site\/wp-json\/wp\/v2\/posts\/4097\/revisions"}],"predecessor-version":[{"id":4101,"href":"https:\/\/jornaloalvorada.com.br\/site\/wp-json\/wp\/v2\/posts\/4097\/revisions\/4101"}],"wp:featuredmedia":[{"embeddable":true,"href":"https:\/\/jornaloalvorada.com.br\/site\/wp-json\/wp\/v2\/media\/4098"}],"wp:attachment":[{"href":"https:\/\/jornaloalvorada.com.br\/site\/wp-json\/wp\/v2\/media?parent=4097"}],"wp:term":[{"taxonomy":"category","embeddable":true,"href":"https:\/\/jornaloalvorada.com.br\/site\/wp-json\/wp\/v2\/categories?post=4097"},{"taxonomy":"post_tag","embeddable":true,"href":"https:\/\/jornaloalvorada.com.br\/site\/wp-json\/wp\/v2\/tags?post=4097"}],"curies":[{"name":"wp","href":"https:\/\/api.w.org\/{rel}","templated":true}]}}